{"id":159,"date":"2026-02-03T11:19:23","date_gmt":"2026-02-03T14:19:23","guid":{"rendered":"https:\/\/velarspfuneraria.com.br\/blog\/?p=159"},"modified":"2026-02-06T16:48:04","modified_gmt":"2026-02-06T19:48:04","slug":"crematorio-vila-alpina","status":"publish","type":"post","link":"https:\/\/velarspfuneraria.com.br\/blog\/crematorio-vila-alpina\/","title":{"rendered":"Cremat\u00f3rio Vila Alpina: informa\u00e7\u00f5es completas para fam\u00edlias"},"content":{"rendered":"\n<p>Lidar com a perda de algu\u00e9m querido \u00e9 um momento sens\u00edvel. Nessa fase, ter informa\u00e7\u00f5es claras ajuda a reduzir a ansiedade e facilita a tomada de decis\u00f5es. Por esse motivo, entender como funciona o <strong>Cremat\u00f3rio Vila Alpina<\/strong> pode trazer mais tranquilidade para a fam\u00edlia.<\/p>\n\n\n\n<p>Localizado na cidade de S\u00e3o Paulo, esse \u00e9 um dos principais cremat\u00f3rios p\u00fablicos do munic\u00edpio. Al\u00e9m disso, atende fam\u00edlias que buscam um servi\u00e7o organizado, acess\u00edvel e conduzido com respeito.<\/p>\n\n\n\n<p>Ao longo deste conte\u00fado, voc\u00ea encontrar\u00e1 informa\u00e7\u00f5es sobre funcionamento, hor\u00e1rios, como chegar e tamb\u00e9m uma explica\u00e7\u00e3o clara sobre valores e custos do servi\u00e7o de crema\u00e7\u00e3o.<\/p>\n\n\n\n<h2 class=\"wp-block-heading\">Como funciona o servi\u00e7o de crema\u00e7\u00e3o<\/h2>\n\n\n\n<p>O servi\u00e7o \u00e9 administrado pelo Servi\u00e7o Funer\u00e1rio Municipal de S\u00e3o Paulo. Dessa forma, segue normas legais espec\u00edficas para a realiza\u00e7\u00e3o do procedimento.<\/p>\n\n\n\n<p>Ap\u00f3s o falecimento, a fam\u00edlia deve providenciar a documenta\u00e7\u00e3o necess\u00e1ria junto ao atendimento funer\u00e1rio. Em seguida, o corpo \u00e9 encaminhado para a unidade, onde o processo ocorre de maneira segura e regulamentada.<\/p>\n\n\n\n<p>Al\u00e9m disso, o espa\u00e7o conta com salas simples para vel\u00f3rio e despedida. No entanto, n\u00e3o se trata de um local luxuoso. A proposta \u00e9 oferecer dignidade, organiza\u00e7\u00e3o e respeito, sem gerar custos elevados.<\/p>\n\n\n\n<p>Por esse motivo, a crema\u00e7\u00e3o s\u00f3 acontece ap\u00f3s o cumprimento do prazo legal obrigat\u00f3rio e com autoriza\u00e7\u00e3o formal dos familiares. Assim, esse cuidado garante seguran\u00e7a jur\u00eddica durante todo o processo.<\/p>\n\n\n\n<h2 class=\"wp-block-heading\">Hor\u00e1rio de funcionamento<\/h2>\n\n\n\n<p>Atualmente, o atendimento funciona em hor\u00e1rio diurno, com cerim\u00f4nias realizadas ao longo do dia. Al\u00e9m disso, o <a href=\"https:\/\/crematoriodavilaalpina.com.br\/\" type=\"link\" id=\"https:\/\/crematoriodavilaalpina.com.br\/\">servi\u00e7o costuma operar aos finais de semana e feriados.<\/a><\/p>\n\n\n\n<p>No entanto, os hor\u00e1rios podem variar conforme a demanda e, por esse motivo, dependem da programa\u00e7\u00e3o interna. Dessa forma, \u00e9 essencial confirmar o hor\u00e1rio exato no momento do agendamento.<\/p>\n\n\n\n<p>Assim, essa organiza\u00e7\u00e3o evita atrasos e contribui para que a cerim\u00f4nia ocorra com tranquilidade.<\/p>\n\n\n\n<h2 class=\"wp-block-heading\">Como chegar ao local<\/h2>\n\n\n\n<p>O Cremat\u00f3rio Vila Alpina est\u00e1 localizado na Zona Leste de S\u00e3o Paulo, em uma regi\u00e3o de acesso facilitado para diferentes bairros da cidade.<\/p>\n\n\n\n<p>\u00c9 poss\u00edvel chegar ao local:<\/p>\n\n\n\n<ul class=\"wp-block-list\">\n<li>De carro, pelas principais vias da regi\u00e3o<\/li>\n\n\n\n<li>Por transporte p\u00fablico, utilizando linhas de \u00f4nibus municipais<\/li>\n\n\n\n<li>Por aplicativos de transporte, com trajeto direto<\/li>\n<\/ul>\n\n\n\n<p>Al\u00e9m disso, a regi\u00e3o conta com sinaliza\u00e7\u00e3o adequada, o que facilita a chegada mesmo para quem n\u00e3o conhece o local. Sair com anteced\u00eancia \u00e9 indicado, especialmente em dias de maior movimento.<\/p>\n\n\n\n<h2 class=\"wp-block-heading\">Pre\u00e7o do Cremat\u00f3rio Vila Alpina: o que considerar antes de contratar<\/h2>\n\n\n\n<p>Al\u00e9m de entender como o servi\u00e7o funciona, uma das d\u00favidas mais comuns das fam\u00edlias est\u00e1 relacionada ao pre\u00e7o do Cremat\u00f3rio Vila Alpina. Esse ponto \u00e9 importante para o planejamento e para evitar preocupa\u00e7\u00f5es adicionais.<\/p>\n\n\n\n<p>Por se tratar de um servi\u00e7o p\u00fablico, os valores costumam ser mais acess\u00edveis quando comparados a cremat\u00f3rios privados. De forma geral, o <a href=\"https:\/\/crematoriodavilaalpina.com.br\/\" type=\"link\" id=\"https:\/\/crematoriodavilaalpina.com.br\/\"><strong>pre\u00e7o m\u00e9dio do servi\u00e7o de crema\u00e7\u00e3o no Cremat\u00f3rio Vila Alpina varia entre R$ 2.500 e R$ 6.000<\/strong>.<\/a><\/p>\n\n\n\n<p>Essa varia\u00e7\u00e3o acontece porque o valor final pode depender de alguns fatores, como:<\/p>\n\n\n\n<ul class=\"wp-block-list\">\n<li>Tipo de cerim\u00f4nia escolhida<\/li>\n\n\n\n<li>Uso de sala de vel\u00f3rio<\/li>\n\n\n\n<li>Taxas administrativas<\/li>\n\n\n\n<li>Servi\u00e7os funer\u00e1rios adicionais<\/li>\n<\/ul>\n\n\n\n<p>Por esse motivo, ao analisar o pre\u00e7o do Cremat\u00f3rio Vila Alpina, \u00e9 fundamental confirmar exatamente o que est\u00e1 incluso no atendimento. Assim, a fam\u00edlia consegue se organizar melhor e tomar decis\u00f5es com mais seguran\u00e7a.<\/p>\n\n\n\n<h2 class=\"wp-block-heading\">Como decidir se o Cremat\u00f3rio Vila Alpina \u00e9 a melhor op\u00e7\u00e3o<\/h2>\n\n\n\n<p>Escolher um cremat\u00f3rio envolve fatores emocionais, financeiros e pr\u00e1ticos. No caso do Cremat\u00f3rio Vila Alpina, o principal diferencial est\u00e1 no custo mais controlado aliado a um servi\u00e7o organizado.<\/p>\n\n\n\n<p>Esse local costuma ser indicado para fam\u00edlias que preferem cerim\u00f4nias simples e desejam um processo mais objetivo. Ainda assim, cada situa\u00e7\u00e3o deve ser avaliada com calma, respeitando as necessidades de quem est\u00e1 passando pelo luto.<\/p>\n\n\n\n<p>Portanto, buscar orienta\u00e7\u00e3o adequada e compreender todas as etapas do servi\u00e7o faz toda a diferen\u00e7a nesse momento delicado.<\/p>\n\n\n\n<p>Veja tamb\u00e9m nosso artigo sobre <strong><a href=\"https:\/\/velarspfuneraria.com.br\/blog\/crematorio-sao-paulo\/\" type=\"link\" id=\"https:\/\/velarspfuneraria.com.br\/blog\/crematorio-sao-paulo\/\">Crema\u00e7\u00e3o S\u00e3o Paulo: informa\u00e7\u00f5es para decidir com tranquilidade<\/a><\/strong> para comparar alternativas.<\/p>\n\n\n\n<h2 class=\"wp-block-heading\">D\u00favidas frequentes sobre o Cremat\u00f3rio Vila Alpina<\/h2>\n\n\n\n<p><strong>O Cremat\u00f3rio Vila Alpina \u00e9 gratuito?<\/strong><br>N\u00e3o. Apesar de ser um servi\u00e7o p\u00fablico, existem taxas que variam conforme o atendimento escolhido.<\/p>\n\n\n\n<p><strong>\u00c9 poss\u00edvel realizar vel\u00f3rio no local?<\/strong><br>Sim. O espa\u00e7o oferece salas simples para cerim\u00f4nias de despedida, conforme disponibilidade.<\/p>\n\n\n\n<p><strong>A crema\u00e7\u00e3o acontece logo ap\u00f3s o falecimento?<\/strong><br>N\u00e3o. Existe um prazo legal m\u00ednimo e a necessidade de autoriza\u00e7\u00f5es formais antes do procedimento.<\/p>\n\n\n\n<p><strong>As cinzas s\u00e3o entregues \u00e0 fam\u00edlia?<\/strong><br>Sim. Ap\u00f3s a crema\u00e7\u00e3o, as cinzas ficam dispon\u00edveis para retirada conforme orienta\u00e7\u00e3o do local.<\/p>\n\n\n\n<p>Buscar informa\u00e7\u00f5es sobre o Cremat\u00f3rio Vila Alpina \u00e9 um passo importante para tomar decis\u00f5es mais seguras. Dessa forma, o funcionamento organizado e a localiza\u00e7\u00e3o acess\u00edvel contribuem para mais tranquilidade.<\/p>\n\n\n\n<p>Se voc\u00ea precisa de orienta\u00e7\u00e3o, or\u00e7amento ou atendimento humanizado, entre em contato conosco pela nossa Central de Atendimento ou fale pelo WhatsApp. Estamos prontos para ajudar com cuidado e transpar\u00eancia.<\/p>\n\n\n\n<p>\n\t\t<style>\n\t\t\t@media(max-width:767px){\n\t\t\t\t.container-btns-post > * {\n\t\t\t\t\tmargin: 0 auto\n\t\t\t\t}\n\t\t\t}\n\t\t<\/style>\n\t\t<div class='container-btns-post' style='display: flex; gap: 15px; align-items: center; flex-wrap: wrap'>\n\t\t\t<a class='phone-number' href='tel:01131630912'>11 3163-0912<\/a><a class='whatsapp-number' target='_blank' href='https:\/\/wa.me\/551131630123?text=Estou%20no%20site%20Velar%20SP%20Funer%C3%A1ria%20e%20gostaria%20de%20mais%20informa%C3%A7%C3%B5es.%5Cn%5Cn%2A%5BAtendimento%20%230912-POST%5D%2A'>11 3163-0123<\/a>\n\t\t<\/div><br><\/p>\n\n\n\n<p><br><\/p>\n\n\n\n<p><\/p>\n","protected":false},"excerpt":{"rendered":"<p>Lidar com a perda de algu\u00e9m querido \u00e9 um momento sens\u00edvel. Nessa fase, ter informa\u00e7\u00f5es claras ajuda a reduzir a ansiedade e facilita a tomada de decis\u00f5es. Por esse motivo, entender como funciona o Cremat\u00f3rio Vila Alpina pode trazer mais tranquilidade para a fam\u00edlia. Localizado na cidade de S\u00e3o Paulo, esse \u00e9 um dos principais [&hellip;]<\/p>\n","protected":false},"author":2,"featured_media":262,"comment_status":"open","ping_status":"open","sticky":false,"template":"","format":"standard","meta":{"footnotes":""},"categories":[1],"tags":[],"class_list":["post-159","post","type-post","status-publish","format-standard","has-post-thumbnail","hentry","category-sem-categoria"],"yoast_head":"<!-- This site is optimized with the Yoast SEO plugin v26.8 - https:\/\/yoast.com\/product\/yoast-seo-wordpress\/ -->\n<title>Cremat\u00f3rio Vila Alpina: como funciona, hor\u00e1rios e pre\u00e7o do servi\u00e7o<\/title>\n<meta name=\"description\" content=\"Entenda como funciona o Cremat\u00f3rio Vila Alpina, veja hor\u00e1rios, como chegar e informa\u00e7\u00f5es sobre o pre\u00e7o do servi\u00e7o.\" \/>\n<meta name=\"robots\" content=\"noindex, follow, max-snippet:-1, max-image-preview:large, max-video-preview:-1\" \/>\n<meta property=\"og:locale\" content=\"pt_BR\" \/>\n<meta property=\"og:type\" content=\"article\" \/>\n<meta property=\"og:title\" content=\"Cremat\u00f3rio Vila Alpina: como funciona, hor\u00e1rios e pre\u00e7o do servi\u00e7o\" \/>\n<meta property=\"og:description\" content=\"Entenda como funciona o Cremat\u00f3rio Vila Alpina, veja hor\u00e1rios, como chegar e informa\u00e7\u00f5es sobre o pre\u00e7o do servi\u00e7o.\" \/>\n<meta property=\"og:url\" content=\"https:\/\/velarspfuneraria.com.br\/blog\/crematorio-vila-alpina\/\" \/>\n<meta property=\"og:site_name\" content=\"Velar SP Funer\u00e1ria\" \/>\n<meta property=\"article:published_time\" content=\"2026-02-03T14:19:23+00:00\" \/>\n<meta property=\"article:modified_time\" content=\"2026-02-06T19:48:04+00:00\" \/>\n<meta property=\"og:image\" content=\"https:\/\/velarspfuneraria.com.br\/blog\/wp-content\/uploads\/2026\/02\/view-gravestone-with-flowers-scaled.jpg\" \/>\n\t<meta property=\"og:image:width\" content=\"2560\" \/>\n\t<meta property=\"og:image:height\" content=\"1707\" \/>\n\t<meta property=\"og:image:type\" content=\"image\/jpeg\" \/>\n<meta name=\"author\" content=\"Rafaela\" \/>\n<meta name=\"twitter:card\" content=\"summary_large_image\" \/>\n<meta name=\"twitter:label1\" content=\"Escrito por\" \/>\n\t<meta name=\"twitter:data1\" content=\"Rafaela\" \/>\n\t<meta name=\"twitter:label2\" content=\"Est. tempo de leitura\" \/>\n\t<meta name=\"twitter:data2\" content=\"5 minutos\" \/>\n<script type=\"application\/ld+json\" class=\"yoast-schema-graph\">{\"@context\":\"https:\/\/schema.org\",\"@graph\":[{\"@type\":\"Article\",\"@id\":\"https:\/\/velarspfuneraria.com.br\/blog\/crematorio-vila-alpina\/#article\",\"isPartOf\":{\"@id\":\"https:\/\/velarspfuneraria.com.br\/blog\/crematorio-vila-alpina\/\"},\"author\":{\"name\":\"Rafaela\",\"@id\":\"https:\/\/velarspfuneraria.com.br\/blog\/#\/schema\/person\/8d2def147a66049df56b513bf35778fe\"},\"headline\":\"Cremat\u00f3rio Vila Alpina: informa\u00e7\u00f5es completas para fam\u00edlias\",\"datePublished\":\"2026-02-03T14:19:23+00:00\",\"dateModified\":\"2026-02-06T19:48:04+00:00\",\"mainEntityOfPage\":{\"@id\":\"https:\/\/velarspfuneraria.com.br\/blog\/crematorio-vila-alpina\/\"},\"wordCount\":911,\"commentCount\":0,\"image\":{\"@id\":\"https:\/\/velarspfuneraria.com.br\/blog\/crematorio-vila-alpina\/#primaryimage\"},\"thumbnailUrl\":\"https:\/\/velarspfuneraria.com.br\/blog\/wp-content\/uploads\/2026\/02\/view-gravestone-with-flowers-scaled.jpg\",\"inLanguage\":\"pt-BR\",\"potentialAction\":[{\"@type\":\"CommentAction\",\"name\":\"Comment\",\"target\":[\"https:\/\/velarspfuneraria.com.br\/blog\/crematorio-vila-alpina\/#respond\"]}]},{\"@type\":\"WebPage\",\"@id\":\"https:\/\/velarspfuneraria.com.br\/blog\/crematorio-vila-alpina\/\",\"url\":\"https:\/\/velarspfuneraria.com.br\/blog\/crematorio-vila-alpina\/\",\"name\":\"Cremat\u00f3rio Vila Alpina: como funciona, hor\u00e1rios e pre\u00e7o do servi\u00e7o\",\"isPartOf\":{\"@id\":\"https:\/\/velarspfuneraria.com.br\/blog\/#website\"},\"primaryImageOfPage\":{\"@id\":\"https:\/\/velarspfuneraria.com.br\/blog\/crematorio-vila-alpina\/#primaryimage\"},\"image\":{\"@id\":\"https:\/\/velarspfuneraria.com.br\/blog\/crematorio-vila-alpina\/#primaryimage\"},\"thumbnailUrl\":\"https:\/\/velarspfuneraria.com.br\/blog\/wp-content\/uploads\/2026\/02\/view-gravestone-with-flowers-scaled.jpg\",\"datePublished\":\"2026-02-03T14:19:23+00:00\",\"dateModified\":\"2026-02-06T19:48:04+00:00\",\"author\":{\"@id\":\"https:\/\/velarspfuneraria.com.br\/blog\/#\/schema\/person\/8d2def147a66049df56b513bf35778fe\"},\"description\":\"Entenda como funciona o Cremat\u00f3rio Vila Alpina, veja hor\u00e1rios, como chegar e informa\u00e7\u00f5es sobre o pre\u00e7o do servi\u00e7o.\",\"breadcrumb\":{\"@id\":\"https:\/\/velarspfuneraria.com.br\/blog\/crematorio-vila-alpina\/#breadcrumb\"},\"inLanguage\":\"pt-BR\",\"potentialAction\":[{\"@type\":\"ReadAction\",\"target\":[\"https:\/\/velarspfuneraria.com.br\/blog\/crematorio-vila-alpina\/\"]}]},{\"@type\":\"ImageObject\",\"inLanguage\":\"pt-BR\",\"@id\":\"https:\/\/velarspfuneraria.com.br\/blog\/crematorio-vila-alpina\/#primaryimage\",\"url\":\"https:\/\/velarspfuneraria.com.br\/blog\/wp-content\/uploads\/2026\/02\/view-gravestone-with-flowers-scaled.jpg\",\"contentUrl\":\"https:\/\/velarspfuneraria.com.br\/blog\/wp-content\/uploads\/2026\/02\/view-gravestone-with-flowers-scaled.jpg\",\"width\":2560,\"height\":1707,\"caption\":\"Cremat\u00f3rio Vila Alpina: como funciona, hor\u00e1rios e pre\u00e7o do servi\u00e7o\"},{\"@type\":\"BreadcrumbList\",\"@id\":\"https:\/\/velarspfuneraria.com.br\/blog\/crematorio-vila-alpina\/#breadcrumb\",\"itemListElement\":[{\"@type\":\"ListItem\",\"position\":1,\"name\":\"In\u00edcio\",\"item\":\"https:\/\/velarspfuneraria.com.br\/blog\/\"},{\"@type\":\"ListItem\",\"position\":2,\"name\":\"Cremat\u00f3rio Vila Alpina: informa\u00e7\u00f5es completas para fam\u00edlias\"}]},{\"@type\":\"WebSite\",\"@id\":\"https:\/\/velarspfuneraria.com.br\/blog\/#website\",\"url\":\"https:\/\/velarspfuneraria.com.br\/blog\/\",\"name\":\"Velar SP Funer\u00e1ria\",\"description\":\"\",\"potentialAction\":[{\"@type\":\"SearchAction\",\"target\":{\"@type\":\"EntryPoint\",\"urlTemplate\":\"https:\/\/velarspfuneraria.com.br\/blog\/?s={search_term_string}\"},\"query-input\":{\"@type\":\"PropertyValueSpecification\",\"valueRequired\":true,\"valueName\":\"search_term_string\"}}],\"inLanguage\":\"pt-BR\"},{\"@type\":\"Person\",\"@id\":\"https:\/\/velarspfuneraria.com.br\/blog\/#\/schema\/person\/8d2def147a66049df56b513bf35778fe\",\"name\":\"Rafaela\",\"image\":{\"@type\":\"ImageObject\",\"inLanguage\":\"pt-BR\",\"@id\":\"https:\/\/velarspfuneraria.com.br\/blog\/#\/schema\/person\/image\/\",\"url\":\"https:\/\/secure.gravatar.com\/avatar\/6d499a9a62f923ea2760188b4d3f0f14096efaba0b988cadddc1a7eb4725d31f?s=96&d=mm&r=g\",\"contentUrl\":\"https:\/\/secure.gravatar.com\/avatar\/6d499a9a62f923ea2760188b4d3f0f14096efaba0b988cadddc1a7eb4725d31f?s=96&d=mm&r=g\",\"caption\":\"Rafaela\"},\"url\":\"https:\/\/velarspfuneraria.com.br\/blog\/author\/rafaela\/\"}]}<\/script>\n<!-- \/ Yoast SEO plugin. -->","yoast_head_json":{"title":"Cremat\u00f3rio Vila Alpina: como funciona, hor\u00e1rios e pre\u00e7o do servi\u00e7o","description":"Entenda como funciona o Cremat\u00f3rio Vila Alpina, veja hor\u00e1rios, como chegar e informa\u00e7\u00f5es sobre o pre\u00e7o do servi\u00e7o.","robots":{"index":"noindex","follow":"follow","max-snippet":"max-snippet:-1","max-image-preview":"max-image-preview:large","max-video-preview":"max-video-preview:-1"},"og_locale":"pt_BR","og_type":"article","og_title":"Cremat\u00f3rio Vila Alpina: como funciona, hor\u00e1rios e pre\u00e7o do servi\u00e7o","og_description":"Entenda como funciona o Cremat\u00f3rio Vila Alpina, veja hor\u00e1rios, como chegar e informa\u00e7\u00f5es sobre o pre\u00e7o do servi\u00e7o.","og_url":"https:\/\/velarspfuneraria.com.br\/blog\/crematorio-vila-alpina\/","og_site_name":"Velar SP Funer\u00e1ria","article_published_time":"2026-02-03T14:19:23+00:00","article_modified_time":"2026-02-06T19:48:04+00:00","og_image":[{"width":2560,"height":1707,"url":"https:\/\/velarspfuneraria.com.br\/blog\/wp-content\/uploads\/2026\/02\/view-gravestone-with-flowers-scaled.jpg","type":"image\/jpeg"}],"author":"Rafaela","twitter_card":"summary_large_image","twitter_misc":{"Escrito por":"Rafaela","Est. tempo de leitura":"5 minutos"},"schema":{"@context":"https:\/\/schema.org","@graph":[{"@type":"Article","@id":"https:\/\/velarspfuneraria.com.br\/blog\/crematorio-vila-alpina\/#article","isPartOf":{"@id":"https:\/\/velarspfuneraria.com.br\/blog\/crematorio-vila-alpina\/"},"author":{"name":"Rafaela","@id":"https:\/\/velarspfuneraria.com.br\/blog\/#\/schema\/person\/8d2def147a66049df56b513bf35778fe"},"headline":"Cremat\u00f3rio Vila Alpina: informa\u00e7\u00f5es completas para fam\u00edlias","datePublished":"2026-02-03T14:19:23+00:00","dateModified":"2026-02-06T19:48:04+00:00","mainEntityOfPage":{"@id":"https:\/\/velarspfuneraria.com.br\/blog\/crematorio-vila-alpina\/"},"wordCount":911,"commentCount":0,"image":{"@id":"https:\/\/velarspfuneraria.com.br\/blog\/crematorio-vila-alpina\/#primaryimage"},"thumbnailUrl":"https:\/\/velarspfuneraria.com.br\/blog\/wp-content\/uploads\/2026\/02\/view-gravestone-with-flowers-scaled.jpg","inLanguage":"pt-BR","potentialAction":[{"@type":"CommentAction","name":"Comment","target":["https:\/\/velarspfuneraria.com.br\/blog\/crematorio-vila-alpina\/#respond"]}]},{"@type":"WebPage","@id":"https:\/\/velarspfuneraria.com.br\/blog\/crematorio-vila-alpina\/","url":"https:\/\/velarspfuneraria.com.br\/blog\/crematorio-vila-alpina\/","name":"Cremat\u00f3rio Vila Alpina: como funciona, hor\u00e1rios e pre\u00e7o do servi\u00e7o","isPartOf":{"@id":"https:\/\/velarspfuneraria.com.br\/blog\/#website"},"primaryImageOfPage":{"@id":"https:\/\/velarspfuneraria.com.br\/blog\/crematorio-vila-alpina\/#primaryimage"},"image":{"@id":"https:\/\/velarspfuneraria.com.br\/blog\/crematorio-vila-alpina\/#primaryimage"},"thumbnailUrl":"https:\/\/velarspfuneraria.com.br\/blog\/wp-content\/uploads\/2026\/02\/view-gravestone-with-flowers-scaled.jpg","datePublished":"2026-02-03T14:19:23+00:00","dateModified":"2026-02-06T19:48:04+00:00","author":{"@id":"https:\/\/velarspfuneraria.com.br\/blog\/#\/schema\/person\/8d2def147a66049df56b513bf35778fe"},"description":"Entenda como funciona o Cremat\u00f3rio Vila Alpina, veja hor\u00e1rios, como chegar e informa\u00e7\u00f5es sobre o pre\u00e7o do servi\u00e7o.","breadcrumb":{"@id":"https:\/\/velarspfuneraria.com.br\/blog\/crematorio-vila-alpina\/#breadcrumb"},"inLanguage":"pt-BR","potentialAction":[{"@type":"ReadAction","target":["https:\/\/velarspfuneraria.com.br\/blog\/crematorio-vila-alpina\/"]}]},{"@type":"ImageObject","inLanguage":"pt-BR","@id":"https:\/\/velarspfuneraria.com.br\/blog\/crematorio-vila-alpina\/#primaryimage","url":"https:\/\/velarspfuneraria.com.br\/blog\/wp-content\/uploads\/2026\/02\/view-gravestone-with-flowers-scaled.jpg","contentUrl":"https:\/\/velarspfuneraria.com.br\/blog\/wp-content\/uploads\/2026\/02\/view-gravestone-with-flowers-scaled.jpg","width":2560,"height":1707,"caption":"Cremat\u00f3rio Vila Alpina: como funciona, hor\u00e1rios e pre\u00e7o do servi\u00e7o"},{"@type":"BreadcrumbList","@id":"https:\/\/velarspfuneraria.com.br\/blog\/crematorio-vila-alpina\/#breadcrumb","itemListElement":[{"@type":"ListItem","position":1,"name":"In\u00edcio","item":"https:\/\/velarspfuneraria.com.br\/blog\/"},{"@type":"ListItem","position":2,"name":"Cremat\u00f3rio Vila Alpina: informa\u00e7\u00f5es completas para fam\u00edlias"}]},{"@type":"WebSite","@id":"https:\/\/velarspfuneraria.com.br\/blog\/#website","url":"https:\/\/velarspfuneraria.com.br\/blog\/","name":"Velar SP Funer\u00e1ria","description":"","potentialAction":[{"@type":"SearchAction","target":{"@type":"EntryPoint","urlTemplate":"https:\/\/velarspfuneraria.com.br\/blog\/?s={search_term_string}"},"query-input":{"@type":"PropertyValueSpecification","valueRequired":true,"valueName":"search_term_string"}}],"inLanguage":"pt-BR"},{"@type":"Person","@id":"https:\/\/velarspfuneraria.com.br\/blog\/#\/schema\/person\/8d2def147a66049df56b513bf35778fe","name":"Rafaela","image":{"@type":"ImageObject","inLanguage":"pt-BR","@id":"https:\/\/velarspfuneraria.com.br\/blog\/#\/schema\/person\/image\/","url":"https:\/\/secure.gravatar.com\/avatar\/6d499a9a62f923ea2760188b4d3f0f14096efaba0b988cadddc1a7eb4725d31f?s=96&d=mm&r=g","contentUrl":"https:\/\/secure.gravatar.com\/avatar\/6d499a9a62f923ea2760188b4d3f0f14096efaba0b988cadddc1a7eb4725d31f?s=96&d=mm&r=g","caption":"Rafaela"},"url":"https:\/\/velarspfuneraria.com.br\/blog\/author\/rafaela\/"}]}},"_links":{"self":[{"href":"https:\/\/velarspfuneraria.com.br\/blog\/wp-json\/wp\/v2\/posts\/159","targetHints":{"allow":["GET"]}}],"collection":[{"href":"https:\/\/velarspfuneraria.com.br\/blog\/wp-json\/wp\/v2\/posts"}],"about":[{"href":"https:\/\/velarspfuneraria.com.br\/blog\/wp-json\/wp\/v2\/types\/post"}],"author":[{"embeddable":true,"href":"https:\/\/velarspfuneraria.com.br\/blog\/wp-json\/wp\/v2\/users\/2"}],"replies":[{"embeddable":true,"href":"https:\/\/velarspfuneraria.com.br\/blog\/wp-json\/wp\/v2\/comments?post=159"}],"version-history":[{"count":12,"href":"https:\/\/velarspfuneraria.com.br\/blog\/wp-json\/wp\/v2\/posts\/159\/revisions"}],"predecessor-version":[{"id":260,"href":"https:\/\/velarspfuneraria.com.br\/blog\/wp-json\/wp\/v2\/posts\/159\/revisions\/260"}],"wp:featuredmedia":[{"embeddable":true,"href":"https:\/\/velarspfuneraria.com.br\/blog\/wp-json\/wp\/v2\/media\/262"}],"wp:attachment":[{"href":"https:\/\/velarspfuneraria.com.br\/blog\/wp-json\/wp\/v2\/media?parent=159"}],"wp:term":[{"taxonomy":"category","embeddable":true,"href":"https:\/\/velarspfuneraria.com.br\/blog\/wp-json\/wp\/v2\/categories?post=159"},{"taxonomy":"post_tag","embeddable":true,"href":"https:\/\/velarspfuneraria.com.br\/blog\/wp-json\/wp\/v2\/tags?post=159"}],"curies":[{"name":"wp","href":"https:\/\/api.w.org\/{rel}","templated":true}]}}