{"id":168,"date":"2026-02-03T12:42:34","date_gmt":"2026-02-03T15:42:34","guid":{"rendered":"https:\/\/velarspfuneraria.com.br\/blog\/?p=168"},"modified":"2026-02-11T09:42:29","modified_gmt":"2026-02-11T12:42:29","slug":"cemiterio-sao-pedro","status":"publish","type":"post","link":"https:\/\/velarspfuneraria.com.br\/blog\/cemiterio-sao-pedro\/","title":{"rendered":"Cemit\u00e9rio S\u00e3o Pedro: informa\u00e7\u00f5es essenciais para uma escolha segura"},"content":{"rendered":"\n<p>Enfrentar a perda de algu\u00e9m pr\u00f3ximo exige decis\u00f5es importantes em pouco tempo. Nesse momento, ter informa\u00e7\u00f5es claras ajuda a reduzir a inseguran\u00e7a e evita escolhas feitas sob press\u00e3o. Por esse motivo, compreender como funciona o Cemit\u00e9rio S\u00e3o Pedro pode trazer mais tranquilidade \u00e0 fam\u00edlia.<\/p>\n\n\n\n<p>O local oferece um servi\u00e7o organizado, respeitoso e compat\u00edvel com diferentes necessidades. Al\u00e9m disso, atende fam\u00edlias que buscam estrutura adequada sem abrir m\u00e3o de um processo simples e digno.<\/p>\n\n\n\n<p>Ao longo deste conte\u00fado, voc\u00ea entender\u00e1 como funciona o servi\u00e7o, quais s\u00e3o os custos envolvidos, quando contratar e por que essa op\u00e7\u00e3o costuma ser considerada por muitas fam\u00edlias.<\/p>\n\n\n\n<h2 class=\"wp-block-heading\">Como funciona o servi\u00e7o no Cemit\u00e9rio S\u00e3o Pedro<\/h2>\n\n\n\n<p>O atendimento segue normas municipais e procedimentos previamente definidos. Dessa forma, a equipe conduz todo o processo de maneira organizada, desde a chegada da fam\u00edlia at\u00e9 o sepultamento.<\/p>\n\n\n\n<p>Para confirmar regras, hor\u00e1rios e orienta\u00e7\u00f5es atualizadas, \u00e9 recomendado consultar as <a href=\"https:\/\/cemiteriodesaopedro.com.br\/\" type=\"link\" id=\"https:\/\/cemiteriodesaopedro.com.br\/\">informa\u00e7\u00f5es oficiais do servi\u00e7o.<\/a><\/p>\n\n\n\n<p>Ap\u00f3s a libera\u00e7\u00e3o da documenta\u00e7\u00e3o necess\u00e1ria, a equipe agenda o sepultamento conforme a disponibilidade. Al\u00e9m disso, o local oferece estrutura b\u00e1sica para cerim\u00f4nias de despedida, respeitando o tempo e a escolha de cada fam\u00edlia.<\/p>\n\n\n\n<p>No entanto, os servi\u00e7os variam conforme a necessidade. Por esse motivo, a equipe ajusta cada atendimento de acordo com o tipo de sepultura, a cerim\u00f4nia escolhida e a dura\u00e7\u00e3o do vel\u00f3rio.<\/p>\n\n\n\n<p>Assim, esse modelo permite que a fam\u00edlia fa\u00e7a escolhas mais conscientes, sem decis\u00f5es apressadas.<\/p>\n\n\n\n<h2 class=\"wp-block-heading\">Custos e valores no Cemit\u00e9rio S\u00e3o Pedro<\/h2>\n\n\n\n<p>Uma das principais d\u00favidas das fam\u00edlias envolve o custo do servi\u00e7o funer\u00e1rio. Nesse contexto, \u00e9 importante esclarecer que o Cemit\u00e9rio S\u00e3o Pedro n\u00e3o trabalha com valor \u00fanico, pois o pre\u00e7o varia conforme a necessidade escolhida.<\/p>\n\n\n\n<p>O custo total pode incluir o tipo de sepultamento, o tempo de utiliza\u00e7\u00e3o da estrutura, taxas administrativas e poss\u00edveis servi\u00e7os adicionais. Como resultado, o <strong>pre\u00e7o m\u00e9dio fica entre R$ 2.500 a R$ 6.000<\/strong>.<\/p>\n\n\n\n<p>Por esse motivo, compreender o custo de cada item ajuda a evitar preocupa\u00e7\u00f5es financeiras em um momento sens\u00edvel. Dessa forma, a fam\u00edlia consegue se organizar com mais clareza e seguran\u00e7a.<\/p>\n\n\n\n<h2 class=\"wp-block-heading\">Quando escolher o sepultamento no S\u00e3o Pedro<\/h2>\n\n\n\n<p>A escolha de um cemit\u00e9rio envolve fatores emocionais, pr\u00e1ticos e financeiros. Nesse contexto, muitas fam\u00edlias consideram o Cemit\u00e9rio S\u00e3o Pedro pela organiza\u00e7\u00e3o do servi\u00e7o, pela clareza sobre os custos e pelo atendimento respeitoso ao longo de todo o processo.<\/p>\n\n\n\n<p>Esse tipo de atendimento costuma ser indicado quando a fam\u00edlia busca um sepultamento organizado, sem burocracia excessiva e com custos compat\u00edveis com diferentes or\u00e7amentos. Al\u00e9m disso, o suporte durante todas as etapas ajuda a reduzir a inseguran\u00e7a em um momento delicado.<\/p>\n\n\n\n<p>Por esse motivo, a flexibilidade nos servi\u00e7os permite adequar o custo final conforme a necessidade escolhida. Assim, a fam\u00edlia mant\u00e9m uma despedida digna sem comprometer o planejamento financeiro.<\/p>\n\n\n\n<p>Portanto, optar por um local estruturado contribui para decis\u00f5es mais seguras e evita escolhas impulsivas. Dessa forma, avaliar com calma as op\u00e7\u00f5es dispon\u00edveis faz toda a diferen\u00e7a na experi\u00eancia final.<\/p>\n\n\n\n<h2 class=\"wp-block-heading\">D\u00favidas frequentes<\/h2>\n\n\n\n<p><strong>O servi\u00e7o possui valor fixo?<\/strong><br>N\u00e3o. Os valores variam conforme o tipo de sepultamento e os servi\u00e7os escolhidos.<\/p>\n\n\n\n<p><strong>O pre\u00e7o inclui vel\u00f3rio?<\/strong><br>Depende da op\u00e7\u00e3o contratada. Por isso, \u00e9 importante confirmar o que est\u00e1 incluso.<\/p>\n\n\n\n<p><strong>\u00c9 poss\u00edvel contratar apenas servi\u00e7os b\u00e1sicos?<\/strong><br>Sim. Nesse caso, a fam\u00edlia pode optar por uma estrutura mais simples.<\/p>\n\n\n\n<p><strong>O atendimento funciona todos os dias?<\/strong><br>Sim. No entanto, os hor\u00e1rios devem ser confirmados no momento do agendamento.<\/p>\n\n\n\n<p><a href=\"https:\/\/cemiteriodesaopedro.com.br\/\" type=\"link\" id=\"https:\/\/cemiteriodesaopedro.com.br\/\">Buscar informa\u00e7\u00f5es sobre o Cemit\u00e9rio S\u00e3o Pedro<\/a> permite decis\u00f5es mais conscientes e tranquilas. Dessa forma, compreender como funciona o servi\u00e7o, quais etapas est\u00e3o envolvidas e quais op\u00e7\u00f5es est\u00e3o dispon\u00edveis ajuda a reduzir inseguran\u00e7as em um momento delicado.<\/p>\n\n\n\n<p>Cada escolha feita com clareza evita preocupa\u00e7\u00f5es desnecess\u00e1rias e traz mais serenidade para a fam\u00edlia. Por esse motivo, contar com orienta\u00e7\u00e3o adequada faz toda a diferen\u00e7a durante o processo.<\/p>\n\n\n\n<p>Se voc\u00ea precisa de apoio, deseja esclarecer d\u00favidas ou entender melhor quais alternativas se encaixam na sua situa\u00e7\u00e3o, entre em contato pelo <strong>WhatsApp<\/strong> e fale com um atendimento preparado para orientar com cuidado, respeito e aten\u00e7\u00e3o.<\/p>\n\n\n\n<p>\n\t\t<style>\n\t\t\t@media(max-width:767px){\n\t\t\t\t.container-btns-post > * {\n\t\t\t\t\tmargin: 0 auto\n\t\t\t\t}\n\t\t\t}\n\t\t<\/style>\n\t\t<div class='container-btns-post' style='display: flex; gap: 15px; align-items: center; flex-wrap: wrap'>\n\t\t\t<a class='phone-number' href='tel:01131630912'>11 3163-0912<\/a><a class='whatsapp-number' target='_blank' href='https:\/\/wa.me\/551131630123?text=Estou%20no%20site%20Velar%20SP%20Funer%C3%A1ria%20e%20gostaria%20de%20mais%20informa%C3%A7%C3%B5es.%5Cn%5Cn%2A%5BAtendimento%20%230912-POST%5D%2A'>11 3163-0123<\/a>\n\t\t<\/div><br><\/p>\n\n\n\n<p><\/p>\n","protected":false},"excerpt":{"rendered":"<p>Enfrentar a perda de algu\u00e9m pr\u00f3ximo exige decis\u00f5es importantes em pouco tempo. Nesse momento, ter informa\u00e7\u00f5es claras ajuda a reduzir a inseguran\u00e7a e evita escolhas feitas sob press\u00e3o. Por esse motivo, compreender como funciona o Cemit\u00e9rio S\u00e3o Pedro pode trazer mais tranquilidade \u00e0 fam\u00edlia. O local oferece um servi\u00e7o organizado, respeitoso e compat\u00edvel com diferentes [&hellip;]<\/p>\n","protected":false},"author":2,"featured_media":185,"comment_status":"open","ping_status":"open","sticky":false,"template":"","format":"standard","meta":{"footnotes":""},"categories":[1],"tags":[],"class_list":["post-168","post","type-post","status-publish","format-standard","has-post-thumbnail","hentry","category-sem-categoria"],"yoast_head":"<!-- This site is optimized with the Yoast SEO plugin v26.8 - https:\/\/yoast.com\/product\/yoast-seo-wordpress\/ -->\n<title>Cemit\u00e9rio S\u00e3o Pedro: valores, custos e como funciona o servi\u00e7o<\/title>\n<meta name=\"description\" content=\"Veja como funciona o Cemit\u00e9rio S\u00e3o Pedro, entenda os custos, valores m\u00e9dios e saiba quando contratar esse servi\u00e7o.\" \/>\n<meta name=\"robots\" content=\"noindex, follow, max-snippet:-1, max-image-preview:large, max-video-preview:-1\" \/>\n<meta property=\"og:locale\" content=\"pt_BR\" \/>\n<meta property=\"og:type\" content=\"article\" \/>\n<meta property=\"og:title\" content=\"Cemit\u00e9rio S\u00e3o Pedro: valores, custos e como funciona o servi\u00e7o\" \/>\n<meta property=\"og:description\" content=\"Veja como funciona o Cemit\u00e9rio S\u00e3o Pedro, entenda os custos, valores m\u00e9dios e saiba quando contratar esse servi\u00e7o.\" \/>\n<meta property=\"og:url\" content=\"https:\/\/velarspfuneraria.com.br\/blog\/cemiterio-sao-pedro\/\" \/>\n<meta property=\"og:site_name\" content=\"Velar SP Funer\u00e1ria\" \/>\n<meta property=\"article:published_time\" content=\"2026-02-03T15:42:34+00:00\" \/>\n<meta property=\"article:modified_time\" content=\"2026-02-11T12:42:29+00:00\" \/>\n<meta property=\"og:image\" content=\"https:\/\/velarspfuneraria.com.br\/blog\/wp-content\/uploads\/2026\/02\/ChatGPT-Image-3-de-fev.-de-2026-12_39_24-1024x683.png\" \/>\n\t<meta property=\"og:image:width\" content=\"1024\" \/>\n\t<meta property=\"og:image:height\" content=\"683\" \/>\n\t<meta property=\"og:image:type\" content=\"image\/png\" \/>\n<meta name=\"author\" content=\"Rafaela\" \/>\n<meta name=\"twitter:card\" content=\"summary_large_image\" \/>\n<meta name=\"twitter:label1\" content=\"Escrito por\" \/>\n\t<meta name=\"twitter:data1\" content=\"Rafaela\" \/>\n\t<meta name=\"twitter:label2\" content=\"Est. tempo de leitura\" \/>\n\t<meta name=\"twitter:data2\" content=\"4 minutos\" \/>\n<script type=\"application\/ld+json\" class=\"yoast-schema-graph\">{\"@context\":\"https:\/\/schema.org\",\"@graph\":[{\"@type\":\"Article\",\"@id\":\"https:\/\/velarspfuneraria.com.br\/blog\/cemiterio-sao-pedro\/#article\",\"isPartOf\":{\"@id\":\"https:\/\/velarspfuneraria.com.br\/blog\/cemiterio-sao-pedro\/\"},\"author\":{\"name\":\"Rafaela\",\"@id\":\"https:\/\/velarspfuneraria.com.br\/blog\/#\/schema\/person\/8d2def147a66049df56b513bf35778fe\"},\"headline\":\"Cemit\u00e9rio S\u00e3o Pedro: informa\u00e7\u00f5es essenciais para uma escolha segura\",\"datePublished\":\"2026-02-03T15:42:34+00:00\",\"dateModified\":\"2026-02-11T12:42:29+00:00\",\"mainEntityOfPage\":{\"@id\":\"https:\/\/velarspfuneraria.com.br\/blog\/cemiterio-sao-pedro\/\"},\"wordCount\":774,\"commentCount\":0,\"image\":{\"@id\":\"https:\/\/velarspfuneraria.com.br\/blog\/cemiterio-sao-pedro\/#primaryimage\"},\"thumbnailUrl\":\"https:\/\/velarspfuneraria.com.br\/blog\/wp-content\/uploads\/2026\/02\/ChatGPT-Image-3-de-fev.-de-2026-12_39_24.png\",\"inLanguage\":\"pt-BR\",\"potentialAction\":[{\"@type\":\"CommentAction\",\"name\":\"Comment\",\"target\":[\"https:\/\/velarspfuneraria.com.br\/blog\/cemiterio-sao-pedro\/#respond\"]}]},{\"@type\":\"WebPage\",\"@id\":\"https:\/\/velarspfuneraria.com.br\/blog\/cemiterio-sao-pedro\/\",\"url\":\"https:\/\/velarspfuneraria.com.br\/blog\/cemiterio-sao-pedro\/\",\"name\":\"Cemit\u00e9rio S\u00e3o Pedro: valores, custos e como funciona o servi\u00e7o\",\"isPartOf\":{\"@id\":\"https:\/\/velarspfuneraria.com.br\/blog\/#website\"},\"primaryImageOfPage\":{\"@id\":\"https:\/\/velarspfuneraria.com.br\/blog\/cemiterio-sao-pedro\/#primaryimage\"},\"image\":{\"@id\":\"https:\/\/velarspfuneraria.com.br\/blog\/cemiterio-sao-pedro\/#primaryimage\"},\"thumbnailUrl\":\"https:\/\/velarspfuneraria.com.br\/blog\/wp-content\/uploads\/2026\/02\/ChatGPT-Image-3-de-fev.-de-2026-12_39_24.png\",\"datePublished\":\"2026-02-03T15:42:34+00:00\",\"dateModified\":\"2026-02-11T12:42:29+00:00\",\"author\":{\"@id\":\"https:\/\/velarspfuneraria.com.br\/blog\/#\/schema\/person\/8d2def147a66049df56b513bf35778fe\"},\"description\":\"Veja como funciona o Cemit\u00e9rio S\u00e3o Pedro, entenda os custos, valores m\u00e9dios e saiba quando contratar esse servi\u00e7o.\",\"breadcrumb\":{\"@id\":\"https:\/\/velarspfuneraria.com.br\/blog\/cemiterio-sao-pedro\/#breadcrumb\"},\"inLanguage\":\"pt-BR\",\"potentialAction\":[{\"@type\":\"ReadAction\",\"target\":[\"https:\/\/velarspfuneraria.com.br\/blog\/cemiterio-sao-pedro\/\"]}]},{\"@type\":\"ImageObject\",\"inLanguage\":\"pt-BR\",\"@id\":\"https:\/\/velarspfuneraria.com.br\/blog\/cemiterio-sao-pedro\/#primaryimage\",\"url\":\"https:\/\/velarspfuneraria.com.br\/blog\/wp-content\/uploads\/2026\/02\/ChatGPT-Image-3-de-fev.-de-2026-12_39_24.png\",\"contentUrl\":\"https:\/\/velarspfuneraria.com.br\/blog\/wp-content\/uploads\/2026\/02\/ChatGPT-Image-3-de-fev.-de-2026-12_39_24.png\",\"width\":1536,\"height\":1024,\"caption\":\"Cemit\u00e9rio S\u00e3o Pedro: valores, custos e como funciona o servi\u00e7o\"},{\"@type\":\"BreadcrumbList\",\"@id\":\"https:\/\/velarspfuneraria.com.br\/blog\/cemiterio-sao-pedro\/#breadcrumb\",\"itemListElement\":[{\"@type\":\"ListItem\",\"position\":1,\"name\":\"In\u00edcio\",\"item\":\"https:\/\/velarspfuneraria.com.br\/blog\/\"},{\"@type\":\"ListItem\",\"position\":2,\"name\":\"Cemit\u00e9rio S\u00e3o Pedro: informa\u00e7\u00f5es essenciais para uma escolha segura\"}]},{\"@type\":\"WebSite\",\"@id\":\"https:\/\/velarspfuneraria.com.br\/blog\/#website\",\"url\":\"https:\/\/velarspfuneraria.com.br\/blog\/\",\"name\":\"Velar SP Funer\u00e1ria\",\"description\":\"\",\"potentialAction\":[{\"@type\":\"SearchAction\",\"target\":{\"@type\":\"EntryPoint\",\"urlTemplate\":\"https:\/\/velarspfuneraria.com.br\/blog\/?s={search_term_string}\"},\"query-input\":{\"@type\":\"PropertyValueSpecification\",\"valueRequired\":true,\"valueName\":\"search_term_string\"}}],\"inLanguage\":\"pt-BR\"},{\"@type\":\"Person\",\"@id\":\"https:\/\/velarspfuneraria.com.br\/blog\/#\/schema\/person\/8d2def147a66049df56b513bf35778fe\",\"name\":\"Rafaela\",\"image\":{\"@type\":\"ImageObject\",\"inLanguage\":\"pt-BR\",\"@id\":\"https:\/\/velarspfuneraria.com.br\/blog\/#\/schema\/person\/image\/\",\"url\":\"https:\/\/secure.gravatar.com\/avatar\/6d499a9a62f923ea2760188b4d3f0f14096efaba0b988cadddc1a7eb4725d31f?s=96&d=mm&r=g\",\"contentUrl\":\"https:\/\/secure.gravatar.com\/avatar\/6d499a9a62f923ea2760188b4d3f0f14096efaba0b988cadddc1a7eb4725d31f?s=96&d=mm&r=g\",\"caption\":\"Rafaela\"},\"url\":\"https:\/\/velarspfuneraria.com.br\/blog\/author\/rafaela\/\"}]}<\/script>\n<!-- \/ Yoast SEO plugin. -->","yoast_head_json":{"title":"Cemit\u00e9rio S\u00e3o Pedro: valores, custos e como funciona o servi\u00e7o","description":"Veja como funciona o Cemit\u00e9rio S\u00e3o Pedro, entenda os custos, valores m\u00e9dios e saiba quando contratar esse servi\u00e7o.","robots":{"index":"noindex","follow":"follow","max-snippet":"max-snippet:-1","max-image-preview":"max-image-preview:large","max-video-preview":"max-video-preview:-1"},"og_locale":"pt_BR","og_type":"article","og_title":"Cemit\u00e9rio S\u00e3o Pedro: valores, custos e como funciona o servi\u00e7o","og_description":"Veja como funciona o Cemit\u00e9rio S\u00e3o Pedro, entenda os custos, valores m\u00e9dios e saiba quando contratar esse servi\u00e7o.","og_url":"https:\/\/velarspfuneraria.com.br\/blog\/cemiterio-sao-pedro\/","og_site_name":"Velar SP Funer\u00e1ria","article_published_time":"2026-02-03T15:42:34+00:00","article_modified_time":"2026-02-11T12:42:29+00:00","og_image":[{"width":1024,"height":683,"url":"https:\/\/velarspfuneraria.com.br\/blog\/wp-content\/uploads\/2026\/02\/ChatGPT-Image-3-de-fev.-de-2026-12_39_24-1024x683.png","type":"image\/png"}],"author":"Rafaela","twitter_card":"summary_large_image","twitter_misc":{"Escrito por":"Rafaela","Est. tempo de leitura":"4 minutos"},"schema":{"@context":"https:\/\/schema.org","@graph":[{"@type":"Article","@id":"https:\/\/velarspfuneraria.com.br\/blog\/cemiterio-sao-pedro\/#article","isPartOf":{"@id":"https:\/\/velarspfuneraria.com.br\/blog\/cemiterio-sao-pedro\/"},"author":{"name":"Rafaela","@id":"https:\/\/velarspfuneraria.com.br\/blog\/#\/schema\/person\/8d2def147a66049df56b513bf35778fe"},"headline":"Cemit\u00e9rio S\u00e3o Pedro: informa\u00e7\u00f5es essenciais para uma escolha segura","datePublished":"2026-02-03T15:42:34+00:00","dateModified":"2026-02-11T12:42:29+00:00","mainEntityOfPage":{"@id":"https:\/\/velarspfuneraria.com.br\/blog\/cemiterio-sao-pedro\/"},"wordCount":774,"commentCount":0,"image":{"@id":"https:\/\/velarspfuneraria.com.br\/blog\/cemiterio-sao-pedro\/#primaryimage"},"thumbnailUrl":"https:\/\/velarspfuneraria.com.br\/blog\/wp-content\/uploads\/2026\/02\/ChatGPT-Image-3-de-fev.-de-2026-12_39_24.png","inLanguage":"pt-BR","potentialAction":[{"@type":"CommentAction","name":"Comment","target":["https:\/\/velarspfuneraria.com.br\/blog\/cemiterio-sao-pedro\/#respond"]}]},{"@type":"WebPage","@id":"https:\/\/velarspfuneraria.com.br\/blog\/cemiterio-sao-pedro\/","url":"https:\/\/velarspfuneraria.com.br\/blog\/cemiterio-sao-pedro\/","name":"Cemit\u00e9rio S\u00e3o Pedro: valores, custos e como funciona o servi\u00e7o","isPartOf":{"@id":"https:\/\/velarspfuneraria.com.br\/blog\/#website"},"primaryImageOfPage":{"@id":"https:\/\/velarspfuneraria.com.br\/blog\/cemiterio-sao-pedro\/#primaryimage"},"image":{"@id":"https:\/\/velarspfuneraria.com.br\/blog\/cemiterio-sao-pedro\/#primaryimage"},"thumbnailUrl":"https:\/\/velarspfuneraria.com.br\/blog\/wp-content\/uploads\/2026\/02\/ChatGPT-Image-3-de-fev.-de-2026-12_39_24.png","datePublished":"2026-02-03T15:42:34+00:00","dateModified":"2026-02-11T12:42:29+00:00","author":{"@id":"https:\/\/velarspfuneraria.com.br\/blog\/#\/schema\/person\/8d2def147a66049df56b513bf35778fe"},"description":"Veja como funciona o Cemit\u00e9rio S\u00e3o Pedro, entenda os custos, valores m\u00e9dios e saiba quando contratar esse servi\u00e7o.","breadcrumb":{"@id":"https:\/\/velarspfuneraria.com.br\/blog\/cemiterio-sao-pedro\/#breadcrumb"},"inLanguage":"pt-BR","potentialAction":[{"@type":"ReadAction","target":["https:\/\/velarspfuneraria.com.br\/blog\/cemiterio-sao-pedro\/"]}]},{"@type":"ImageObject","inLanguage":"pt-BR","@id":"https:\/\/velarspfuneraria.com.br\/blog\/cemiterio-sao-pedro\/#primaryimage","url":"https:\/\/velarspfuneraria.com.br\/blog\/wp-content\/uploads\/2026\/02\/ChatGPT-Image-3-de-fev.-de-2026-12_39_24.png","contentUrl":"https:\/\/velarspfuneraria.com.br\/blog\/wp-content\/uploads\/2026\/02\/ChatGPT-Image-3-de-fev.-de-2026-12_39_24.png","width":1536,"height":1024,"caption":"Cemit\u00e9rio S\u00e3o Pedro: valores, custos e como funciona o servi\u00e7o"},{"@type":"BreadcrumbList","@id":"https:\/\/velarspfuneraria.com.br\/blog\/cemiterio-sao-pedro\/#breadcrumb","itemListElement":[{"@type":"ListItem","position":1,"name":"In\u00edcio","item":"https:\/\/velarspfuneraria.com.br\/blog\/"},{"@type":"ListItem","position":2,"name":"Cemit\u00e9rio S\u00e3o Pedro: informa\u00e7\u00f5es essenciais para uma escolha segura"}]},{"@type":"WebSite","@id":"https:\/\/velarspfuneraria.com.br\/blog\/#website","url":"https:\/\/velarspfuneraria.com.br\/blog\/","name":"Velar SP Funer\u00e1ria","description":"","potentialAction":[{"@type":"SearchAction","target":{"@type":"EntryPoint","urlTemplate":"https:\/\/velarspfuneraria.com.br\/blog\/?s={search_term_string}"},"query-input":{"@type":"PropertyValueSpecification","valueRequired":true,"valueName":"search_term_string"}}],"inLanguage":"pt-BR"},{"@type":"Person","@id":"https:\/\/velarspfuneraria.com.br\/blog\/#\/schema\/person\/8d2def147a66049df56b513bf35778fe","name":"Rafaela","image":{"@type":"ImageObject","inLanguage":"pt-BR","@id":"https:\/\/velarspfuneraria.com.br\/blog\/#\/schema\/person\/image\/","url":"https:\/\/secure.gravatar.com\/avatar\/6d499a9a62f923ea2760188b4d3f0f14096efaba0b988cadddc1a7eb4725d31f?s=96&d=mm&r=g","contentUrl":"https:\/\/secure.gravatar.com\/avatar\/6d499a9a62f923ea2760188b4d3f0f14096efaba0b988cadddc1a7eb4725d31f?s=96&d=mm&r=g","caption":"Rafaela"},"url":"https:\/\/velarspfuneraria.com.br\/blog\/author\/rafaela\/"}]}},"_links":{"self":[{"href":"https:\/\/velarspfuneraria.com.br\/blog\/wp-json\/wp\/v2\/posts\/168","targetHints":{"allow":["GET"]}}],"collection":[{"href":"https:\/\/velarspfuneraria.com.br\/blog\/wp-json\/wp\/v2\/posts"}],"about":[{"href":"https:\/\/velarspfuneraria.com.br\/blog\/wp-json\/wp\/v2\/types\/post"}],"author":[{"embeddable":true,"href":"https:\/\/velarspfuneraria.com.br\/blog\/wp-json\/wp\/v2\/users\/2"}],"replies":[{"embeddable":true,"href":"https:\/\/velarspfuneraria.com.br\/blog\/wp-json\/wp\/v2\/comments?post=168"}],"version-history":[{"count":12,"href":"https:\/\/velarspfuneraria.com.br\/blog\/wp-json\/wp\/v2\/posts\/168\/revisions"}],"predecessor-version":[{"id":344,"href":"https:\/\/velarspfuneraria.com.br\/blog\/wp-json\/wp\/v2\/posts\/168\/revisions\/344"}],"wp:featuredmedia":[{"embeddable":true,"href":"https:\/\/velarspfuneraria.com.br\/blog\/wp-json\/wp\/v2\/media\/185"}],"wp:attachment":[{"href":"https:\/\/velarspfuneraria.com.br\/blog\/wp-json\/wp\/v2\/media?parent=168"}],"wp:term":[{"taxonomy":"category","embeddable":true,"href":"https:\/\/velarspfuneraria.com.br\/blog\/wp-json\/wp\/v2\/categories?post=168"},{"taxonomy":"post_tag","embeddable":true,"href":"https:\/\/velarspfuneraria.com.br\/blog\/wp-json\/wp\/v2\/tags?post=168"}],"curies":[{"name":"wp","href":"https:\/\/api.w.org\/{rel}","templated":true}]}}