{"id":187,"date":"2026-02-03T13:12:52","date_gmt":"2026-02-03T16:12:52","guid":{"rendered":"https:\/\/velarspfuneraria.com.br\/blog\/?p=187"},"modified":"2026-02-05T12:10:18","modified_gmt":"2026-02-05T15:10:18","slug":"cremacao-sao-paulo","status":"publish","type":"post","link":"https:\/\/velarspfuneraria.com.br\/blog\/cremacao-sao-paulo\/","title":{"rendered":"Crema\u00e7\u00e3o S\u00e3o Paulo: informa\u00e7\u00f5es para decidir com tranquilidade"},"content":{"rendered":"\n<p>Buscar informa\u00e7\u00f5es sobre <strong>crema\u00e7\u00e3o S\u00e3o Paulo<\/strong> \u00e9 um passo importante para quem enfrenta um momento sens\u00edvel. Em situa\u00e7\u00f5es assim, a falta de clareza pode gerar inseguran\u00e7a e aumentar o desgaste emocional.<\/p>\n\n\n\n<p>Tomar decis\u00f5es com calma ajuda a reduzir a ansiedade e evita escolhas feitas sob press\u00e3o. Quando a fam\u00edlia entende o processo, consegue lidar melhor com cada etapa e se sente mais amparada.<\/p>\n\n\n\n<p>Muitas pessoas optam pela crema\u00e7\u00e3o por ser um procedimento mais simples e por permitir diferentes formas de despedida. Al\u00e9m disso, compreender como tudo funciona traz mais seguran\u00e7a durante esse per\u00edodo delicado.<\/p>\n\n\n\n<p>Por isso, este conte\u00fado re\u00fane orienta\u00e7\u00f5es claras sobre o servi\u00e7o, os fatores que influenciam os custos e os crit\u00e9rios mais importantes para uma escolha consciente.<\/p>\n\n\n\n<h2 class=\"wp-block-heading\">Como funciona a crema\u00e7\u00e3o em S\u00e3o Paulo<\/h2>\n\n\n\n<p>A crema\u00e7\u00e3o em S\u00e3o Paulo segue regras espec\u00edficas e exige alguns procedimentos pr\u00e9vios. O processo come\u00e7a ap\u00f3s a libera\u00e7\u00e3o legal, que depende da causa do falecimento e da documenta\u00e7\u00e3o correta.<\/p>\n\n\n\n<p>De forma geral, a fam\u00edlia pode realizar uma cerim\u00f4nia de despedida, caso deseje. Em seguida, ocorre o processo de crema\u00e7\u00e3o em local autorizado. Depois disso, o cremat\u00f3rio entrega as cinzas \u00e0 fam\u00edlia ou segue a destina\u00e7\u00e3o escolhida.<\/p>\n\n\n\n<p>Al\u00e9m disso, S\u00e3o Paulo conta com cremat\u00f3rios p\u00fablicos e privados. Cada op\u00e7\u00e3o possui caracter\u00edsticas pr\u00f3prias, hor\u00e1rios definidos e formatos de atendimento distintos. Dessa forma, entender essas diferen\u00e7as facilita a escolha.<\/p>\n\n\n\n<h2 class=\"wp-block-heading\">Custos da crema\u00e7\u00e3o em S\u00e3o Paulo: o que influencia o valor final<\/h2>\n\n\n\n<p><a href=\"https:\/\/crematorio24horas.com.br\/\" type=\"link\" id=\"https:\/\/crematorio24horas.com.br\/\"><strong>Os custos da<\/strong> <strong>crema\u00e7\u00e3o S\u00e3o Paulo<\/strong><\/a> variam conforme o tipo de servi\u00e7o escolhido e as necessidades da fam\u00edlia. Por esse motivo, n\u00e3o existe um valor \u00fanico para esse atendimento.<\/p>\n\n\n\n<p>Alguns fatores influenciam diretamente o valor final, como o formato da cerim\u00f4nia, a estrutura utilizada, as taxas do cremat\u00f3rio e os servi\u00e7os funer\u00e1rios inclu\u00eddos. Al\u00e9m disso, a escolha entre atendimento p\u00fablico ou privado tamb\u00e9m interfere no custo.<\/p>\n\n\n\n<p>Nesse contexto, entender o que est\u00e1 incluso em cada op\u00e7\u00e3o ajuda a evitar surpresas. Assim, a fam\u00edlia consegue avaliar com calma qual alternativa faz mais sentido para sua realidade e para o momento vivido.<\/p>\n\n\n\n<h2 class=\"wp-block-heading\">Como escolher o servi\u00e7o de crema\u00e7\u00e3o ideal<\/h2>\n\n\n\n<p>Escolher um servi\u00e7o de crema\u00e7\u00e3o envolve aspectos pr\u00e1ticos e emocionais. Nesse sentido, a clareza das informa\u00e7\u00f5es oferecidas faz toda a diferen\u00e7a no processo de decis\u00e3o.<\/p>\n\n\n\n<p>Primeiro, verifique se o local \u00e9 autorizado e segue as normas legais. Em seguida, observe se o atendimento explica cada etapa com transpar\u00eancia e disponibilidade para esclarecer d\u00favidas.<\/p>\n\n\n\n<p>Al\u00e9m disso, considere a localiza\u00e7\u00e3o e os hor\u00e1rios dispon\u00edveis, pois isso impacta diretamente a log\u00edstica da fam\u00edlia. Portanto, optar por um servi\u00e7o que ofere\u00e7a orienta\u00e7\u00e3o clara e suporte cont\u00ednuo traz mais seguran\u00e7a.<\/p>\n\n\n\n<p>Como resultado, as decis\u00f5es se tornam menos desgastantes e mais alinhadas \u00e0s necessidades da fam\u00edlia.<\/p>\n\n\n\n<h2 class=\"wp-block-heading\">D\u00favidas frequentes sobre crema\u00e7\u00e3o em S\u00e3o Paulo<\/h2>\n\n\n\n<p><strong>A crema\u00e7\u00e3o pode ser realizada em qualquer situa\u00e7\u00e3o?<\/strong><br>Na maioria dos casos, sim. No entanto, algumas situa\u00e7\u00f5es exigem autoriza\u00e7\u00f5es espec\u00edficas.<\/p>\n\n\n\n<p><strong>\u00c9 poss\u00edvel realizar uma cerim\u00f4nia antes da crema\u00e7\u00e3o?<\/strong><br>Sim. Muitas fam\u00edlias optam por uma despedida simples, conforme suas prefer\u00eancias.<\/p>\n\n\n\n<p><strong>O que pode ser feito com as cinzas ap\u00f3s o procedimento?<\/strong><br>As cinzas podem ser guardadas, destinadas a locais permitidos ou utilizadas conforme a decis\u00e3o da fam\u00edlia.<\/p>\n\n\n\n<p><strong>O processo de crema\u00e7\u00e3o demora?<\/strong><br>O tempo varia conforme o local e a libera\u00e7\u00e3o da documenta\u00e7\u00e3o, mas costuma ocorrer em curto prazo.<\/p>\n\n\n\n<p><a href=\"https:\/\/crematorio24horas.com.br\/\" type=\"link\" id=\"https:\/\/crematorio24horas.com.br\/\">Buscar informa\u00e7\u00f5es sobre crema\u00e7\u00e3o S\u00e3o Paulo<\/a> permite decis\u00f5es mais conscientes e tranquilas. Dessa forma, compreender como funciona o servi\u00e7o e quais fatores influenciam os custos ajuda a reduzir inseguran\u00e7as em um momento delicado.<\/p>\n\n\n\n<p>Quando a fam\u00edlia recebe orienta\u00e7\u00e3o clara, as escolhas se tornam mais seguras e menos apressadas. Por esse motivo, contar com apoio adequado faz toda a diferen\u00e7a durante esse processo.<\/p>\n\n\n\n<p>Se voc\u00ea precisa de apoio, deseja esclarecer d\u00favidas ou entender quais op\u00e7\u00f5es se encaixam melhor na sua situa\u00e7\u00e3o, entre em contato pelo <strong>WhatsApp<\/strong> e fale com um atendimento preparado para orientar com cuidado, respeito e aten\u00e7\u00e3o.<\/p>\n\n\n\n<p>\n\t\t<style>\n\t\t\t@media(max-width:767px){\n\t\t\t\t.container-btns-post > * {\n\t\t\t\t\tmargin: 0 auto\n\t\t\t\t}\n\t\t\t}\n\t\t<\/style>\n\t\t<div class='container-btns-post' style='display: flex; gap: 15px; align-items: center; flex-wrap: wrap'>\n\t\t\t<a class='phone-number' href='tel:01131630912'>11 3163-0912<\/a><a class='whatsapp-number' target='_blank' href='https:\/\/wa.me\/551131630123?text=Estou%20no%20site%20Velar%20SP%20Funer%C3%A1ria%20e%20gostaria%20de%20mais%20informa%C3%A7%C3%B5es.%5Cn%5Cn%2A%5BAtendimento%20%230912-POST%5D%2A'>11 3163-0123<\/a>\n\t\t<\/div><br><\/p>\n\n\n\n<p><\/p>\n","protected":false},"excerpt":{"rendered":"<p>Buscar informa\u00e7\u00f5es sobre crema\u00e7\u00e3o S\u00e3o Paulo \u00e9 um passo importante para quem enfrenta um momento sens\u00edvel. Em situa\u00e7\u00f5es assim, a falta de clareza pode gerar inseguran\u00e7a e aumentar o desgaste emocional. Tomar decis\u00f5es com calma ajuda a reduzir a ansiedade e evita escolhas feitas sob press\u00e3o. Quando a fam\u00edlia entende o processo, consegue lidar melhor [&hellip;]<\/p>\n","protected":false},"author":2,"featured_media":189,"comment_status":"open","ping_status":"open","sticky":false,"template":"","format":"standard","meta":{"footnotes":""},"categories":[1],"tags":[],"class_list":["post-187","post","type-post","status-publish","format-standard","has-post-thumbnail","hentry","category-sem-categoria"],"yoast_head":"<!-- This site is optimized with the Yoast SEO plugin v26.8 - https:\/\/yoast.com\/product\/yoast-seo-wordpress\/ -->\n<title>Crema\u00e7\u00e3o S\u00e3o Paulo: como funciona, custos e como escolher<\/title>\n<meta name=\"description\" content=\"Entenda como funciona a crema\u00e7\u00e3o em S\u00e3o Paulo, quais fatores influenciam os custos e como escolher o servi\u00e7o ideal.\" \/>\n<meta name=\"robots\" content=\"noindex, follow, max-snippet:-1, max-image-preview:large, max-video-preview:-1\" \/>\n<meta property=\"og:locale\" content=\"pt_BR\" \/>\n<meta property=\"og:type\" content=\"article\" \/>\n<meta property=\"og:title\" content=\"Crema\u00e7\u00e3o S\u00e3o Paulo: como funciona, custos e como escolher\" \/>\n<meta property=\"og:description\" content=\"Entenda como funciona a crema\u00e7\u00e3o em S\u00e3o Paulo, quais fatores influenciam os custos e como escolher o servi\u00e7o ideal.\" \/>\n<meta property=\"og:url\" content=\"https:\/\/velarspfuneraria.com.br\/blog\/cremacao-sao-paulo\/\" \/>\n<meta property=\"og:site_name\" content=\"Velar SP Funer\u00e1ria\" \/>\n<meta property=\"article:published_time\" content=\"2026-02-03T16:12:52+00:00\" \/>\n<meta property=\"article:modified_time\" content=\"2026-02-05T15:10:18+00:00\" \/>\n<meta property=\"og:image\" content=\"https:\/\/velarspfuneraria.com.br\/blog\/wp-content\/uploads\/2026\/02\/ChatGPT-Image-3-de-fev.-de-2026-13_05_24.png\" \/>\n\t<meta property=\"og:image:width\" content=\"1536\" \/>\n\t<meta property=\"og:image:height\" content=\"1024\" \/>\n\t<meta property=\"og:image:type\" content=\"image\/png\" \/>\n<meta name=\"author\" content=\"Rafaela\" \/>\n<meta name=\"twitter:card\" content=\"summary_large_image\" \/>\n<meta name=\"twitter:label1\" content=\"Escrito por\" \/>\n\t<meta name=\"twitter:data1\" content=\"Rafaela\" \/>\n\t<meta name=\"twitter:label2\" content=\"Est. tempo de leitura\" \/>\n\t<meta name=\"twitter:data2\" content=\"4 minutos\" \/>\n<script type=\"application\/ld+json\" class=\"yoast-schema-graph\">{\"@context\":\"https:\/\/schema.org\",\"@graph\":[{\"@type\":\"Article\",\"@id\":\"https:\/\/velarspfuneraria.com.br\/blog\/cremacao-sao-paulo\/#article\",\"isPartOf\":{\"@id\":\"https:\/\/velarspfuneraria.com.br\/blog\/cremacao-sao-paulo\/\"},\"author\":{\"name\":\"Rafaela\",\"@id\":\"https:\/\/velarspfuneraria.com.br\/blog\/#\/schema\/person\/8d2def147a66049df56b513bf35778fe\"},\"headline\":\"Crema\u00e7\u00e3o S\u00e3o Paulo: informa\u00e7\u00f5es para decidir com tranquilidade\",\"datePublished\":\"2026-02-03T16:12:52+00:00\",\"dateModified\":\"2026-02-05T15:10:18+00:00\",\"mainEntityOfPage\":{\"@id\":\"https:\/\/velarspfuneraria.com.br\/blog\/cremacao-sao-paulo\/\"},\"wordCount\":758,\"commentCount\":0,\"image\":{\"@id\":\"https:\/\/velarspfuneraria.com.br\/blog\/cremacao-sao-paulo\/#primaryimage\"},\"thumbnailUrl\":\"https:\/\/velarspfuneraria.com.br\/blog\/wp-content\/uploads\/2026\/02\/ChatGPT-Image-3-de-fev.-de-2026-13_05_24.png\",\"inLanguage\":\"pt-BR\",\"potentialAction\":[{\"@type\":\"CommentAction\",\"name\":\"Comment\",\"target\":[\"https:\/\/velarspfuneraria.com.br\/blog\/cremacao-sao-paulo\/#respond\"]}]},{\"@type\":\"WebPage\",\"@id\":\"https:\/\/velarspfuneraria.com.br\/blog\/cremacao-sao-paulo\/\",\"url\":\"https:\/\/velarspfuneraria.com.br\/blog\/cremacao-sao-paulo\/\",\"name\":\"Crema\u00e7\u00e3o S\u00e3o Paulo: como funciona, custos e como escolher\",\"isPartOf\":{\"@id\":\"https:\/\/velarspfuneraria.com.br\/blog\/#website\"},\"primaryImageOfPage\":{\"@id\":\"https:\/\/velarspfuneraria.com.br\/blog\/cremacao-sao-paulo\/#primaryimage\"},\"image\":{\"@id\":\"https:\/\/velarspfuneraria.com.br\/blog\/cremacao-sao-paulo\/#primaryimage\"},\"thumbnailUrl\":\"https:\/\/velarspfuneraria.com.br\/blog\/wp-content\/uploads\/2026\/02\/ChatGPT-Image-3-de-fev.-de-2026-13_05_24.png\",\"datePublished\":\"2026-02-03T16:12:52+00:00\",\"dateModified\":\"2026-02-05T15:10:18+00:00\",\"author\":{\"@id\":\"https:\/\/velarspfuneraria.com.br\/blog\/#\/schema\/person\/8d2def147a66049df56b513bf35778fe\"},\"description\":\"Entenda como funciona a crema\u00e7\u00e3o em S\u00e3o Paulo, quais fatores influenciam os custos e como escolher o servi\u00e7o ideal.\",\"breadcrumb\":{\"@id\":\"https:\/\/velarspfuneraria.com.br\/blog\/cremacao-sao-paulo\/#breadcrumb\"},\"inLanguage\":\"pt-BR\",\"potentialAction\":[{\"@type\":\"ReadAction\",\"target\":[\"https:\/\/velarspfuneraria.com.br\/blog\/cremacao-sao-paulo\/\"]}]},{\"@type\":\"ImageObject\",\"inLanguage\":\"pt-BR\",\"@id\":\"https:\/\/velarspfuneraria.com.br\/blog\/cremacao-sao-paulo\/#primaryimage\",\"url\":\"https:\/\/velarspfuneraria.com.br\/blog\/wp-content\/uploads\/2026\/02\/ChatGPT-Image-3-de-fev.-de-2026-13_05_24.png\",\"contentUrl\":\"https:\/\/velarspfuneraria.com.br\/blog\/wp-content\/uploads\/2026\/02\/ChatGPT-Image-3-de-fev.-de-2026-13_05_24.png\",\"width\":1536,\"height\":1024,\"caption\":\"Crema\u00e7\u00e3o S\u00e3o Paulo: como funciona, custos e como escolher\"},{\"@type\":\"BreadcrumbList\",\"@id\":\"https:\/\/velarspfuneraria.com.br\/blog\/cremacao-sao-paulo\/#breadcrumb\",\"itemListElement\":[{\"@type\":\"ListItem\",\"position\":1,\"name\":\"In\u00edcio\",\"item\":\"https:\/\/velarspfuneraria.com.br\/blog\/\"},{\"@type\":\"ListItem\",\"position\":2,\"name\":\"Crema\u00e7\u00e3o S\u00e3o Paulo: informa\u00e7\u00f5es para decidir com tranquilidade\"}]},{\"@type\":\"WebSite\",\"@id\":\"https:\/\/velarspfuneraria.com.br\/blog\/#website\",\"url\":\"https:\/\/velarspfuneraria.com.br\/blog\/\",\"name\":\"Velar SP Funer\u00e1ria\",\"description\":\"\",\"potentialAction\":[{\"@type\":\"SearchAction\",\"target\":{\"@type\":\"EntryPoint\",\"urlTemplate\":\"https:\/\/velarspfuneraria.com.br\/blog\/?s={search_term_string}\"},\"query-input\":{\"@type\":\"PropertyValueSpecification\",\"valueRequired\":true,\"valueName\":\"search_term_string\"}}],\"inLanguage\":\"pt-BR\"},{\"@type\":\"Person\",\"@id\":\"https:\/\/velarspfuneraria.com.br\/blog\/#\/schema\/person\/8d2def147a66049df56b513bf35778fe\",\"name\":\"Rafaela\",\"image\":{\"@type\":\"ImageObject\",\"inLanguage\":\"pt-BR\",\"@id\":\"https:\/\/velarspfuneraria.com.br\/blog\/#\/schema\/person\/image\/\",\"url\":\"https:\/\/secure.gravatar.com\/avatar\/6d499a9a62f923ea2760188b4d3f0f14096efaba0b988cadddc1a7eb4725d31f?s=96&d=mm&r=g\",\"contentUrl\":\"https:\/\/secure.gravatar.com\/avatar\/6d499a9a62f923ea2760188b4d3f0f14096efaba0b988cadddc1a7eb4725d31f?s=96&d=mm&r=g\",\"caption\":\"Rafaela\"},\"url\":\"https:\/\/velarspfuneraria.com.br\/blog\/author\/rafaela\/\"}]}<\/script>\n<!-- \/ Yoast SEO plugin. -->","yoast_head_json":{"title":"Crema\u00e7\u00e3o S\u00e3o Paulo: como funciona, custos e como escolher","description":"Entenda como funciona a crema\u00e7\u00e3o em S\u00e3o Paulo, quais fatores influenciam os custos e como escolher o servi\u00e7o ideal.","robots":{"index":"noindex","follow":"follow","max-snippet":"max-snippet:-1","max-image-preview":"max-image-preview:large","max-video-preview":"max-video-preview:-1"},"og_locale":"pt_BR","og_type":"article","og_title":"Crema\u00e7\u00e3o S\u00e3o Paulo: como funciona, custos e como escolher","og_description":"Entenda como funciona a crema\u00e7\u00e3o em S\u00e3o Paulo, quais fatores influenciam os custos e como escolher o servi\u00e7o ideal.","og_url":"https:\/\/velarspfuneraria.com.br\/blog\/cremacao-sao-paulo\/","og_site_name":"Velar SP Funer\u00e1ria","article_published_time":"2026-02-03T16:12:52+00:00","article_modified_time":"2026-02-05T15:10:18+00:00","og_image":[{"width":1536,"height":1024,"url":"https:\/\/velarspfuneraria.com.br\/blog\/wp-content\/uploads\/2026\/02\/ChatGPT-Image-3-de-fev.-de-2026-13_05_24.png","type":"image\/png"}],"author":"Rafaela","twitter_card":"summary_large_image","twitter_misc":{"Escrito por":"Rafaela","Est. tempo de leitura":"4 minutos"},"schema":{"@context":"https:\/\/schema.org","@graph":[{"@type":"Article","@id":"https:\/\/velarspfuneraria.com.br\/blog\/cremacao-sao-paulo\/#article","isPartOf":{"@id":"https:\/\/velarspfuneraria.com.br\/blog\/cremacao-sao-paulo\/"},"author":{"name":"Rafaela","@id":"https:\/\/velarspfuneraria.com.br\/blog\/#\/schema\/person\/8d2def147a66049df56b513bf35778fe"},"headline":"Crema\u00e7\u00e3o S\u00e3o Paulo: informa\u00e7\u00f5es para decidir com tranquilidade","datePublished":"2026-02-03T16:12:52+00:00","dateModified":"2026-02-05T15:10:18+00:00","mainEntityOfPage":{"@id":"https:\/\/velarspfuneraria.com.br\/blog\/cremacao-sao-paulo\/"},"wordCount":758,"commentCount":0,"image":{"@id":"https:\/\/velarspfuneraria.com.br\/blog\/cremacao-sao-paulo\/#primaryimage"},"thumbnailUrl":"https:\/\/velarspfuneraria.com.br\/blog\/wp-content\/uploads\/2026\/02\/ChatGPT-Image-3-de-fev.-de-2026-13_05_24.png","inLanguage":"pt-BR","potentialAction":[{"@type":"CommentAction","name":"Comment","target":["https:\/\/velarspfuneraria.com.br\/blog\/cremacao-sao-paulo\/#respond"]}]},{"@type":"WebPage","@id":"https:\/\/velarspfuneraria.com.br\/blog\/cremacao-sao-paulo\/","url":"https:\/\/velarspfuneraria.com.br\/blog\/cremacao-sao-paulo\/","name":"Crema\u00e7\u00e3o S\u00e3o Paulo: como funciona, custos e como escolher","isPartOf":{"@id":"https:\/\/velarspfuneraria.com.br\/blog\/#website"},"primaryImageOfPage":{"@id":"https:\/\/velarspfuneraria.com.br\/blog\/cremacao-sao-paulo\/#primaryimage"},"image":{"@id":"https:\/\/velarspfuneraria.com.br\/blog\/cremacao-sao-paulo\/#primaryimage"},"thumbnailUrl":"https:\/\/velarspfuneraria.com.br\/blog\/wp-content\/uploads\/2026\/02\/ChatGPT-Image-3-de-fev.-de-2026-13_05_24.png","datePublished":"2026-02-03T16:12:52+00:00","dateModified":"2026-02-05T15:10:18+00:00","author":{"@id":"https:\/\/velarspfuneraria.com.br\/blog\/#\/schema\/person\/8d2def147a66049df56b513bf35778fe"},"description":"Entenda como funciona a crema\u00e7\u00e3o em S\u00e3o Paulo, quais fatores influenciam os custos e como escolher o servi\u00e7o ideal.","breadcrumb":{"@id":"https:\/\/velarspfuneraria.com.br\/blog\/cremacao-sao-paulo\/#breadcrumb"},"inLanguage":"pt-BR","potentialAction":[{"@type":"ReadAction","target":["https:\/\/velarspfuneraria.com.br\/blog\/cremacao-sao-paulo\/"]}]},{"@type":"ImageObject","inLanguage":"pt-BR","@id":"https:\/\/velarspfuneraria.com.br\/blog\/cremacao-sao-paulo\/#primaryimage","url":"https:\/\/velarspfuneraria.com.br\/blog\/wp-content\/uploads\/2026\/02\/ChatGPT-Image-3-de-fev.-de-2026-13_05_24.png","contentUrl":"https:\/\/velarspfuneraria.com.br\/blog\/wp-content\/uploads\/2026\/02\/ChatGPT-Image-3-de-fev.-de-2026-13_05_24.png","width":1536,"height":1024,"caption":"Crema\u00e7\u00e3o S\u00e3o Paulo: como funciona, custos e como escolher"},{"@type":"BreadcrumbList","@id":"https:\/\/velarspfuneraria.com.br\/blog\/cremacao-sao-paulo\/#breadcrumb","itemListElement":[{"@type":"ListItem","position":1,"name":"In\u00edcio","item":"https:\/\/velarspfuneraria.com.br\/blog\/"},{"@type":"ListItem","position":2,"name":"Crema\u00e7\u00e3o S\u00e3o Paulo: informa\u00e7\u00f5es para decidir com tranquilidade"}]},{"@type":"WebSite","@id":"https:\/\/velarspfuneraria.com.br\/blog\/#website","url":"https:\/\/velarspfuneraria.com.br\/blog\/","name":"Velar SP Funer\u00e1ria","description":"","potentialAction":[{"@type":"SearchAction","target":{"@type":"EntryPoint","urlTemplate":"https:\/\/velarspfuneraria.com.br\/blog\/?s={search_term_string}"},"query-input":{"@type":"PropertyValueSpecification","valueRequired":true,"valueName":"search_term_string"}}],"inLanguage":"pt-BR"},{"@type":"Person","@id":"https:\/\/velarspfuneraria.com.br\/blog\/#\/schema\/person\/8d2def147a66049df56b513bf35778fe","name":"Rafaela","image":{"@type":"ImageObject","inLanguage":"pt-BR","@id":"https:\/\/velarspfuneraria.com.br\/blog\/#\/schema\/person\/image\/","url":"https:\/\/secure.gravatar.com\/avatar\/6d499a9a62f923ea2760188b4d3f0f14096efaba0b988cadddc1a7eb4725d31f?s=96&d=mm&r=g","contentUrl":"https:\/\/secure.gravatar.com\/avatar\/6d499a9a62f923ea2760188b4d3f0f14096efaba0b988cadddc1a7eb4725d31f?s=96&d=mm&r=g","caption":"Rafaela"},"url":"https:\/\/velarspfuneraria.com.br\/blog\/author\/rafaela\/"}]}},"_links":{"self":[{"href":"https:\/\/velarspfuneraria.com.br\/blog\/wp-json\/wp\/v2\/posts\/187","targetHints":{"allow":["GET"]}}],"collection":[{"href":"https:\/\/velarspfuneraria.com.br\/blog\/wp-json\/wp\/v2\/posts"}],"about":[{"href":"https:\/\/velarspfuneraria.com.br\/blog\/wp-json\/wp\/v2\/types\/post"}],"author":[{"embeddable":true,"href":"https:\/\/velarspfuneraria.com.br\/blog\/wp-json\/wp\/v2\/users\/2"}],"replies":[{"embeddable":true,"href":"https:\/\/velarspfuneraria.com.br\/blog\/wp-json\/wp\/v2\/comments?post=187"}],"version-history":[{"count":3,"href":"https:\/\/velarspfuneraria.com.br\/blog\/wp-json\/wp\/v2\/posts\/187\/revisions"}],"predecessor-version":[{"id":272,"href":"https:\/\/velarspfuneraria.com.br\/blog\/wp-json\/wp\/v2\/posts\/187\/revisions\/272"}],"wp:featuredmedia":[{"embeddable":true,"href":"https:\/\/velarspfuneraria.com.br\/blog\/wp-json\/wp\/v2\/media\/189"}],"wp:attachment":[{"href":"https:\/\/velarspfuneraria.com.br\/blog\/wp-json\/wp\/v2\/media?parent=187"}],"wp:term":[{"taxonomy":"category","embeddable":true,"href":"https:\/\/velarspfuneraria.com.br\/blog\/wp-json\/wp\/v2\/categories?post=187"},{"taxonomy":"post_tag","embeddable":true,"href":"https:\/\/velarspfuneraria.com.br\/blog\/wp-json\/wp\/v2\/tags?post=187"}],"curies":[{"name":"wp","href":"https:\/\/api.w.org\/{rel}","templated":true}]}}