{"id":192,"date":"2026-02-03T16:00:58","date_gmt":"2026-02-03T19:00:58","guid":{"rendered":"https:\/\/velarspfuneraria.com.br\/blog\/?p=192"},"modified":"2026-02-06T16:42:57","modified_gmt":"2026-02-06T19:42:57","slug":"crematorio-sao-paulo","status":"publish","type":"post","link":"https:\/\/velarspfuneraria.com.br\/blog\/crematorio-sao-paulo\/","title":{"rendered":"Cremat\u00f3rio S\u00e3o Paulo: informa\u00e7\u00f5es para decidir com tranquilidade"},"content":{"rendered":"\n<p>Escolher um cremat\u00f3rio \u00e9 uma decis\u00e3o delicada, que envolve aspectos emocionais, legais e pr\u00e1ticos. Al\u00e9m disso, conhecer como funciona o Cremat\u00f3rio S\u00e3o Paulo ajuda a tomar decis\u00f5es mais seguras e planejadas. Compreender os servi\u00e7os dispon\u00edveis permite que a fam\u00edlia se organize de forma eficiente, evitando preocupa\u00e7\u00f5es desnecess\u00e1rias e estresse no momento da despedida.<\/p>\n\n\n\n<p>Dessa forma, voc\u00ea consegue explorar todas as op\u00e7\u00f5es com calma, analisar cada detalhe do processo e se preparar para a cerim\u00f4nia com mais confian\u00e7a. Para saber mais sobre os procedimentos e etapas da crema\u00e7\u00e3o, consulte nossa p\u00e1gina sobre <a href=\"https:\/\/velarspfuneraria.com.br\/blog\/cremacao-sao-paulo\/\">crema\u00e7\u00e3o em S\u00e3o Paulo<\/a>.<\/p>\n\n\n\n<p>Por esse motivo, pesquisar antecipadamente garante que nenhuma etapa seja esquecida. Assim, as fam\u00edlias conseguem se planejar melhor e vivenciar o processo com mais serenidade e conforto emocional.<\/p>\n\n\n\n<h2 class=\"wp-block-heading\">O que \u00e9 o Cremat\u00f3rio S\u00e3o Paulo e como funciona<\/h2>\n\n\n\n<p>O Cremat\u00f3rio S\u00e3o Paulo realiza o procedimento de crema\u00e7\u00e3o com infraestrutura completa e equipe especializada. A equipe cumpre todas as normas legais e protege a fam\u00edlia, garantindo seguran\u00e7a e clareza em cada etapa do processo.<\/p>\n\n\n\n<p>Al\u00e9m disso, a equipe orienta sobre transporte do corpo, escolha de urnas e op\u00e7\u00f5es de cerim\u00f4nia, respeitando todas as normas de seguran\u00e7a. Cada detalhe recebe planejamento cuidadoso para oferecer conforto, dignidade e tranquilidade aos familiares.<\/p>\n\n\n\n<h2 class=\"wp-block-heading\">Custos e fatores que influenciam<\/h2>\n\n\n\n<p>Os custos da crema\u00e7\u00e3o variam conforme os servi\u00e7os adicionais e necessidades escolhidas. Al\u00e9m disso, fatores como tipo de urna, hor\u00e1rio do servi\u00e7o e transporte podem influenciar o valor final. Embora seja importante considerar o or\u00e7amento, conhecer os servi\u00e7os dispon\u00edveis ajuda a decidir com seguran\u00e7a e transpar\u00eancia.<\/p>\n\n\n\n<p>Por esse motivo, \u00e9 fundamental se informar detalhadamente antes de tomar decis\u00f5es. Para conhecer todos os documentos exigidos e etapas do processo, veja nossa p\u00e1gina sobre <a href=\"https:\/\/velarfunerariasp.com.br\/documentos-para-funeral\/\" type=\"link\" id=\"https:\/\/velarfunerariasp.com.br\/documentos-para-funeral\/\">Documentos para crema\u00e7\u00e3o.<\/a><\/p>\n\n\n\n<p>No entanto, compreender os diferentes servi\u00e7os dispon\u00edveis ajuda a escolher uma op\u00e7\u00e3o que equilibre atendimento de qualidade e planejamento familiar. Dessa forma, a fam\u00edlia sente mais confian\u00e7a de que fez a escolha correta e evita surpresas durante o processo.<\/p>\n\n\n\n<h2 class=\"wp-block-heading\">Quando escolher o Cremat\u00f3rio S\u00e3o Paulo<\/h2>\n\n\n\n<p>Essa op\u00e7\u00e3o costuma ser indicada quando a fam\u00edlia busca atendimento organizado e respeitoso, processo claro e sem burocracia excessiva, e suporte em todas as etapas do procedimento.<\/p>\n\n\n\n<p>Como resultado, optar por um local estruturado ajuda a evitar decis\u00f5es impulsivas. Por esse motivo, muitas fam\u00edlias consideram essa escolha mais segura, pois permite um planejamento detalhado de cada etapa.<\/p>\n\n\n\n<p>Se voc\u00ea tamb\u00e9m avalia outras op\u00e7\u00f5es de despedida, pode conferir informa\u00e7\u00f5es sobre o <a href=\"https:\/\/velarspfuneraria.com.br\/blog\/cemiterio-sao-pedro\/\" type=\"link\" id=\"https:\/\/velarspfuneraria.com.br\/blog\/cemiterio-sao-pedro\/\">Cemit\u00e9rio S\u00e3o Pedro<\/a> e comparar servi\u00e7os, ajudando na decis\u00e3o com mais dados em m\u00e3os.<\/p>\n\n\n\n<p>Outro ponto importante \u00e9 a transpar\u00eancia na comunica\u00e7\u00e3o. O <strong>Cremat\u00f3rio S\u00e3o Paulo<\/strong> mant\u00e9m a fam\u00edlia informada a cada etapa, reduzindo a ansiedade e facilitando decis\u00f5es conscientes. Assim, a experi\u00eancia se torna menos desgastante e mais acolhedora.<\/p>\n\n\n\n<h2 class=\"wp-block-heading\">D\u00favidas frequentes<\/h2>\n\n\n\n<p><strong>Preciso agendar com anteced\u00eancia?<\/strong><br>Sim, agendar organiza toda a log\u00edstica e garante que a equipe atenda a fam\u00edlia de forma eficiente, evitando contratempos.<\/p>\n\n\n\n<p><strong>Posso escolher hor\u00e1rios espec\u00edficos?<\/strong><br>A fam\u00edlia define o hor\u00e1rio conforme a disponibilidade do cremat\u00f3rio, escolhendo o momento mais conveniente para a despedida.<\/p>\n\n\n\n<p><strong>Quais documentos s\u00e3o exigidos?<\/strong><br>Cada caso requer documentos espec\u00edficos. Para conferir todos os detalhes, acesse nossa p\u00e1gina de <a href=\"https:\/\/velarfunerariasp.com.br\/documentos-para-funeral\/\" type=\"link\" id=\"https:\/\/velarfunerariasp.com.br\/documentos-para-funeral\/\">Documentos para crema\u00e7\u00e3o<\/a>.<\/p>\n\n\n\n<p><strong>Posso acompanhar o procedimento?<\/strong><br>O cremat\u00f3rio permite que familiares acompanhem o processo de forma limitada, garantindo seguran\u00e7a e privacidade.<\/p>\n\n\n\n<p>Como resultado, muitas fam\u00edlias conhecem tamb\u00e9m op\u00e7\u00f5es de cerim\u00f4nia e escolha de urnas.<\/p>\n\n\n\n<p>Planejar a despedida de um ente querido exige cuidado e aten\u00e7\u00e3o a cada detalhe. Conhecer os servi\u00e7os do <strong>Cremat\u00f3rio S\u00e3o Paulo<\/strong> ajuda a fam\u00edlia a <strong>organizar cada etapa de forma clara e segura<\/strong>, evitando surpresas inesperadas.<\/p>\n\n\n\n<p>A fam\u00edlia <strong>escolhe<\/strong> a cerim\u00f4nia e os servi\u00e7os que melhor se adequam \u00e0s suas necessidades, garantindo uma despedida respeitosa e significativa.<\/p>\n\n\n\n<p>Para receber orienta\u00e7\u00e3o personalizada, esclarecer d\u00favidas ou conhecer todos os servi\u00e7os dispon\u00edveis, entre em contato pelo <strong>WhatsApp<\/strong> e fale com nossa equipe dedicada. Um atendimento atento orienta e apoia cada passo do processo, proporcionando tranquilidade no momento da despedida.<\/p>\n\n\n\n\n\t\t<style>\n\t\t\t@media(max-width:767px){\n\t\t\t\t.container-btns-post > * {\n\t\t\t\t\tmargin: 0 auto\n\t\t\t\t}\n\t\t\t}\n\t\t<\/style>\n\t\t<div class='container-btns-post' style='display: flex; gap: 15px; align-items: center; flex-wrap: wrap'>\n\t\t\t<a class='phone-number' href='tel:01131630912'>11 3163-0912<\/a><a class='whatsapp-number' target='_blank' href='https:\/\/wa.me\/551131630123?text=Estou%20no%20site%20Velar%20SP%20Funer%C3%A1ria%20e%20gostaria%20de%20mais%20informa%C3%A7%C3%B5es.%5Cn%5Cn%2A%5BAtendimento%20%230912-POST%5D%2A'>11 3163-0123<\/a>\n\t\t<\/div>\n\n\n\n<blockquote class=\"wp-block-quote is-layout-flow wp-block-quote-is-layout-flow\">\n<p>Para mais informa\u00e7\u00f5es detalhadas, acesse nosso site oficial: <a href=\"https:\/\/velarfunerariasp.com.br\/funeraria-24-horas-sp\" type=\"link\" id=\"https:\/\/velarfunerariasp.com.br\/funeraria-24-horas-sp\">Funer\u00e1ria 24 Horas SP<\/a><\/p>\n\n\n\n<p><br><\/p>\n\n\n\n<p><\/p>\n<\/blockquote>\n\n\n\n<p><\/p>\n\n\n\n<p><\/p>\n","protected":false},"excerpt":{"rendered":"<p>Escolher um cremat\u00f3rio \u00e9 uma decis\u00e3o delicada, que envolve aspectos emocionais, legais e pr\u00e1ticos. Al\u00e9m disso, conhecer como funciona o Cremat\u00f3rio S\u00e3o Paulo ajuda a tomar decis\u00f5es mais seguras e planejadas. Compreender os servi\u00e7os dispon\u00edveis permite que a fam\u00edlia se organize de forma eficiente, evitando preocupa\u00e7\u00f5es desnecess\u00e1rias e estresse no momento da despedida. Dessa forma, [&hellip;]<\/p>\n","protected":false},"author":2,"featured_media":196,"comment_status":"open","ping_status":"open","sticky":false,"template":"","format":"standard","meta":{"footnotes":""},"categories":[1],"tags":[],"class_list":["post-192","post","type-post","status-publish","format-standard","has-post-thumbnail","hentry","category-sem-categoria"],"yoast_head":"<!-- This site is optimized with the Yoast SEO plugin v26.8 - https:\/\/yoast.com\/product\/yoast-seo-wordpress\/ -->\n<title>Cremat\u00f3rio S\u00e3o Paulo: informa\u00e7\u00f5es para decidir com tranquilidade<\/title>\n<meta name=\"description\" content=\"Conhe\u00e7a o Cremat\u00f3rio S\u00e3o Paulo e saiba como funciona o processo de crema\u00e7\u00e3o, fatores importantes e orienta\u00e7\u00f5es para decis\u00f5es conscientes.\" \/>\n<meta name=\"robots\" content=\"noindex, follow, max-snippet:-1, max-image-preview:large, max-video-preview:-1\" \/>\n<meta property=\"og:locale\" content=\"pt_BR\" \/>\n<meta property=\"og:type\" content=\"article\" \/>\n<meta property=\"og:title\" content=\"Cremat\u00f3rio S\u00e3o Paulo: informa\u00e7\u00f5es para decidir com tranquilidade\" \/>\n<meta property=\"og:description\" content=\"Conhe\u00e7a o Cremat\u00f3rio S\u00e3o Paulo e saiba como funciona o processo de crema\u00e7\u00e3o, fatores importantes e orienta\u00e7\u00f5es para decis\u00f5es conscientes.\" \/>\n<meta property=\"og:url\" content=\"https:\/\/velarspfuneraria.com.br\/blog\/crematorio-sao-paulo\/\" \/>\n<meta property=\"og:site_name\" content=\"Velar SP Funer\u00e1ria\" \/>\n<meta property=\"article:published_time\" content=\"2026-02-03T19:00:58+00:00\" \/>\n<meta property=\"article:modified_time\" content=\"2026-02-06T19:42:57+00:00\" \/>\n<meta property=\"og:image\" content=\"https:\/\/velarspfuneraria.com.br\/blog\/wp-content\/uploads\/2026\/02\/Copilot_20260203_155701.png\" \/>\n\t<meta property=\"og:image:width\" content=\"1024\" \/>\n\t<meta property=\"og:image:height\" content=\"1024\" \/>\n\t<meta property=\"og:image:type\" content=\"image\/png\" \/>\n<meta name=\"author\" content=\"Rafaela\" \/>\n<meta name=\"twitter:card\" content=\"summary_large_image\" \/>\n<meta name=\"twitter:label1\" content=\"Escrito por\" \/>\n\t<meta name=\"twitter:data1\" content=\"Rafaela\" \/>\n\t<meta name=\"twitter:label2\" content=\"Est. tempo de leitura\" \/>\n\t<meta name=\"twitter:data2\" content=\"4 minutos\" \/>\n<script type=\"application\/ld+json\" class=\"yoast-schema-graph\">{\"@context\":\"https:\/\/schema.org\",\"@graph\":[{\"@type\":\"Article\",\"@id\":\"https:\/\/velarspfuneraria.com.br\/blog\/crematorio-sao-paulo\/#article\",\"isPartOf\":{\"@id\":\"https:\/\/velarspfuneraria.com.br\/blog\/crematorio-sao-paulo\/\"},\"author\":{\"name\":\"Rafaela\",\"@id\":\"https:\/\/velarspfuneraria.com.br\/blog\/#\/schema\/person\/8d2def147a66049df56b513bf35778fe\"},\"headline\":\"Cremat\u00f3rio S\u00e3o Paulo: informa\u00e7\u00f5es para decidir com tranquilidade\",\"datePublished\":\"2026-02-03T19:00:58+00:00\",\"dateModified\":\"2026-02-06T19:42:57+00:00\",\"mainEntityOfPage\":{\"@id\":\"https:\/\/velarspfuneraria.com.br\/blog\/crematorio-sao-paulo\/\"},\"wordCount\":767,\"commentCount\":0,\"image\":{\"@id\":\"https:\/\/velarspfuneraria.com.br\/blog\/crematorio-sao-paulo\/#primaryimage\"},\"thumbnailUrl\":\"https:\/\/velarspfuneraria.com.br\/blog\/wp-content\/uploads\/2026\/02\/Copilot_20260203_155701.png\",\"inLanguage\":\"pt-BR\",\"potentialAction\":[{\"@type\":\"CommentAction\",\"name\":\"Comment\",\"target\":[\"https:\/\/velarspfuneraria.com.br\/blog\/crematorio-sao-paulo\/#respond\"]}]},{\"@type\":\"WebPage\",\"@id\":\"https:\/\/velarspfuneraria.com.br\/blog\/crematorio-sao-paulo\/\",\"url\":\"https:\/\/velarspfuneraria.com.br\/blog\/crematorio-sao-paulo\/\",\"name\":\"Cremat\u00f3rio S\u00e3o Paulo: informa\u00e7\u00f5es para decidir com tranquilidade\",\"isPartOf\":{\"@id\":\"https:\/\/velarspfuneraria.com.br\/blog\/#website\"},\"primaryImageOfPage\":{\"@id\":\"https:\/\/velarspfuneraria.com.br\/blog\/crematorio-sao-paulo\/#primaryimage\"},\"image\":{\"@id\":\"https:\/\/velarspfuneraria.com.br\/blog\/crematorio-sao-paulo\/#primaryimage\"},\"thumbnailUrl\":\"https:\/\/velarspfuneraria.com.br\/blog\/wp-content\/uploads\/2026\/02\/Copilot_20260203_155701.png\",\"datePublished\":\"2026-02-03T19:00:58+00:00\",\"dateModified\":\"2026-02-06T19:42:57+00:00\",\"author\":{\"@id\":\"https:\/\/velarspfuneraria.com.br\/blog\/#\/schema\/person\/8d2def147a66049df56b513bf35778fe\"},\"description\":\"Conhe\u00e7a o Cremat\u00f3rio S\u00e3o Paulo e saiba como funciona o processo de crema\u00e7\u00e3o, fatores importantes e orienta\u00e7\u00f5es para decis\u00f5es conscientes.\",\"breadcrumb\":{\"@id\":\"https:\/\/velarspfuneraria.com.br\/blog\/crematorio-sao-paulo\/#breadcrumb\"},\"inLanguage\":\"pt-BR\",\"potentialAction\":[{\"@type\":\"ReadAction\",\"target\":[\"https:\/\/velarspfuneraria.com.br\/blog\/crematorio-sao-paulo\/\"]}]},{\"@type\":\"ImageObject\",\"inLanguage\":\"pt-BR\",\"@id\":\"https:\/\/velarspfuneraria.com.br\/blog\/crematorio-sao-paulo\/#primaryimage\",\"url\":\"https:\/\/velarspfuneraria.com.br\/blog\/wp-content\/uploads\/2026\/02\/Copilot_20260203_155701.png\",\"contentUrl\":\"https:\/\/velarspfuneraria.com.br\/blog\/wp-content\/uploads\/2026\/02\/Copilot_20260203_155701.png\",\"width\":1024,\"height\":1024,\"caption\":\"Conhe\u00e7a o Cremat\u00f3rio S\u00e3o Paulo e saiba como funciona o processo de crema\u00e7\u00e3o, fatores importantes e orienta\u00e7\u00f5es para decis\u00f5es conscientes.\"},{\"@type\":\"BreadcrumbList\",\"@id\":\"https:\/\/velarspfuneraria.com.br\/blog\/crematorio-sao-paulo\/#breadcrumb\",\"itemListElement\":[{\"@type\":\"ListItem\",\"position\":1,\"name\":\"In\u00edcio\",\"item\":\"https:\/\/velarspfuneraria.com.br\/blog\/\"},{\"@type\":\"ListItem\",\"position\":2,\"name\":\"Cremat\u00f3rio S\u00e3o Paulo: informa\u00e7\u00f5es para decidir com tranquilidade\"}]},{\"@type\":\"WebSite\",\"@id\":\"https:\/\/velarspfuneraria.com.br\/blog\/#website\",\"url\":\"https:\/\/velarspfuneraria.com.br\/blog\/\",\"name\":\"Velar SP Funer\u00e1ria\",\"description\":\"\",\"potentialAction\":[{\"@type\":\"SearchAction\",\"target\":{\"@type\":\"EntryPoint\",\"urlTemplate\":\"https:\/\/velarspfuneraria.com.br\/blog\/?s={search_term_string}\"},\"query-input\":{\"@type\":\"PropertyValueSpecification\",\"valueRequired\":true,\"valueName\":\"search_term_string\"}}],\"inLanguage\":\"pt-BR\"},{\"@type\":\"Person\",\"@id\":\"https:\/\/velarspfuneraria.com.br\/blog\/#\/schema\/person\/8d2def147a66049df56b513bf35778fe\",\"name\":\"Rafaela\",\"image\":{\"@type\":\"ImageObject\",\"inLanguage\":\"pt-BR\",\"@id\":\"https:\/\/velarspfuneraria.com.br\/blog\/#\/schema\/person\/image\/\",\"url\":\"https:\/\/secure.gravatar.com\/avatar\/6d499a9a62f923ea2760188b4d3f0f14096efaba0b988cadddc1a7eb4725d31f?s=96&d=mm&r=g\",\"contentUrl\":\"https:\/\/secure.gravatar.com\/avatar\/6d499a9a62f923ea2760188b4d3f0f14096efaba0b988cadddc1a7eb4725d31f?s=96&d=mm&r=g\",\"caption\":\"Rafaela\"},\"url\":\"https:\/\/velarspfuneraria.com.br\/blog\/author\/rafaela\/\"}]}<\/script>\n<!-- \/ Yoast SEO plugin. -->","yoast_head_json":{"title":"Cremat\u00f3rio S\u00e3o Paulo: informa\u00e7\u00f5es para decidir com tranquilidade","description":"Conhe\u00e7a o Cremat\u00f3rio S\u00e3o Paulo e saiba como funciona o processo de crema\u00e7\u00e3o, fatores importantes e orienta\u00e7\u00f5es para decis\u00f5es conscientes.","robots":{"index":"noindex","follow":"follow","max-snippet":"max-snippet:-1","max-image-preview":"max-image-preview:large","max-video-preview":"max-video-preview:-1"},"og_locale":"pt_BR","og_type":"article","og_title":"Cremat\u00f3rio S\u00e3o Paulo: informa\u00e7\u00f5es para decidir com tranquilidade","og_description":"Conhe\u00e7a o Cremat\u00f3rio S\u00e3o Paulo e saiba como funciona o processo de crema\u00e7\u00e3o, fatores importantes e orienta\u00e7\u00f5es para decis\u00f5es conscientes.","og_url":"https:\/\/velarspfuneraria.com.br\/blog\/crematorio-sao-paulo\/","og_site_name":"Velar SP Funer\u00e1ria","article_published_time":"2026-02-03T19:00:58+00:00","article_modified_time":"2026-02-06T19:42:57+00:00","og_image":[{"width":1024,"height":1024,"url":"https:\/\/velarspfuneraria.com.br\/blog\/wp-content\/uploads\/2026\/02\/Copilot_20260203_155701.png","type":"image\/png"}],"author":"Rafaela","twitter_card":"summary_large_image","twitter_misc":{"Escrito por":"Rafaela","Est. tempo de leitura":"4 minutos"},"schema":{"@context":"https:\/\/schema.org","@graph":[{"@type":"Article","@id":"https:\/\/velarspfuneraria.com.br\/blog\/crematorio-sao-paulo\/#article","isPartOf":{"@id":"https:\/\/velarspfuneraria.com.br\/blog\/crematorio-sao-paulo\/"},"author":{"name":"Rafaela","@id":"https:\/\/velarspfuneraria.com.br\/blog\/#\/schema\/person\/8d2def147a66049df56b513bf35778fe"},"headline":"Cremat\u00f3rio S\u00e3o Paulo: informa\u00e7\u00f5es para decidir com tranquilidade","datePublished":"2026-02-03T19:00:58+00:00","dateModified":"2026-02-06T19:42:57+00:00","mainEntityOfPage":{"@id":"https:\/\/velarspfuneraria.com.br\/blog\/crematorio-sao-paulo\/"},"wordCount":767,"commentCount":0,"image":{"@id":"https:\/\/velarspfuneraria.com.br\/blog\/crematorio-sao-paulo\/#primaryimage"},"thumbnailUrl":"https:\/\/velarspfuneraria.com.br\/blog\/wp-content\/uploads\/2026\/02\/Copilot_20260203_155701.png","inLanguage":"pt-BR","potentialAction":[{"@type":"CommentAction","name":"Comment","target":["https:\/\/velarspfuneraria.com.br\/blog\/crematorio-sao-paulo\/#respond"]}]},{"@type":"WebPage","@id":"https:\/\/velarspfuneraria.com.br\/blog\/crematorio-sao-paulo\/","url":"https:\/\/velarspfuneraria.com.br\/blog\/crematorio-sao-paulo\/","name":"Cremat\u00f3rio S\u00e3o Paulo: informa\u00e7\u00f5es para decidir com tranquilidade","isPartOf":{"@id":"https:\/\/velarspfuneraria.com.br\/blog\/#website"},"primaryImageOfPage":{"@id":"https:\/\/velarspfuneraria.com.br\/blog\/crematorio-sao-paulo\/#primaryimage"},"image":{"@id":"https:\/\/velarspfuneraria.com.br\/blog\/crematorio-sao-paulo\/#primaryimage"},"thumbnailUrl":"https:\/\/velarspfuneraria.com.br\/blog\/wp-content\/uploads\/2026\/02\/Copilot_20260203_155701.png","datePublished":"2026-02-03T19:00:58+00:00","dateModified":"2026-02-06T19:42:57+00:00","author":{"@id":"https:\/\/velarspfuneraria.com.br\/blog\/#\/schema\/person\/8d2def147a66049df56b513bf35778fe"},"description":"Conhe\u00e7a o Cremat\u00f3rio S\u00e3o Paulo e saiba como funciona o processo de crema\u00e7\u00e3o, fatores importantes e orienta\u00e7\u00f5es para decis\u00f5es conscientes.","breadcrumb":{"@id":"https:\/\/velarspfuneraria.com.br\/blog\/crematorio-sao-paulo\/#breadcrumb"},"inLanguage":"pt-BR","potentialAction":[{"@type":"ReadAction","target":["https:\/\/velarspfuneraria.com.br\/blog\/crematorio-sao-paulo\/"]}]},{"@type":"ImageObject","inLanguage":"pt-BR","@id":"https:\/\/velarspfuneraria.com.br\/blog\/crematorio-sao-paulo\/#primaryimage","url":"https:\/\/velarspfuneraria.com.br\/blog\/wp-content\/uploads\/2026\/02\/Copilot_20260203_155701.png","contentUrl":"https:\/\/velarspfuneraria.com.br\/blog\/wp-content\/uploads\/2026\/02\/Copilot_20260203_155701.png","width":1024,"height":1024,"caption":"Conhe\u00e7a o Cremat\u00f3rio S\u00e3o Paulo e saiba como funciona o processo de crema\u00e7\u00e3o, fatores importantes e orienta\u00e7\u00f5es para decis\u00f5es conscientes."},{"@type":"BreadcrumbList","@id":"https:\/\/velarspfuneraria.com.br\/blog\/crematorio-sao-paulo\/#breadcrumb","itemListElement":[{"@type":"ListItem","position":1,"name":"In\u00edcio","item":"https:\/\/velarspfuneraria.com.br\/blog\/"},{"@type":"ListItem","position":2,"name":"Cremat\u00f3rio S\u00e3o Paulo: informa\u00e7\u00f5es para decidir com tranquilidade"}]},{"@type":"WebSite","@id":"https:\/\/velarspfuneraria.com.br\/blog\/#website","url":"https:\/\/velarspfuneraria.com.br\/blog\/","name":"Velar SP Funer\u00e1ria","description":"","potentialAction":[{"@type":"SearchAction","target":{"@type":"EntryPoint","urlTemplate":"https:\/\/velarspfuneraria.com.br\/blog\/?s={search_term_string}"},"query-input":{"@type":"PropertyValueSpecification","valueRequired":true,"valueName":"search_term_string"}}],"inLanguage":"pt-BR"},{"@type":"Person","@id":"https:\/\/velarspfuneraria.com.br\/blog\/#\/schema\/person\/8d2def147a66049df56b513bf35778fe","name":"Rafaela","image":{"@type":"ImageObject","inLanguage":"pt-BR","@id":"https:\/\/velarspfuneraria.com.br\/blog\/#\/schema\/person\/image\/","url":"https:\/\/secure.gravatar.com\/avatar\/6d499a9a62f923ea2760188b4d3f0f14096efaba0b988cadddc1a7eb4725d31f?s=96&d=mm&r=g","contentUrl":"https:\/\/secure.gravatar.com\/avatar\/6d499a9a62f923ea2760188b4d3f0f14096efaba0b988cadddc1a7eb4725d31f?s=96&d=mm&r=g","caption":"Rafaela"},"url":"https:\/\/velarspfuneraria.com.br\/blog\/author\/rafaela\/"}]}},"_links":{"self":[{"href":"https:\/\/velarspfuneraria.com.br\/blog\/wp-json\/wp\/v2\/posts\/192","targetHints":{"allow":["GET"]}}],"collection":[{"href":"https:\/\/velarspfuneraria.com.br\/blog\/wp-json\/wp\/v2\/posts"}],"about":[{"href":"https:\/\/velarspfuneraria.com.br\/blog\/wp-json\/wp\/v2\/types\/post"}],"author":[{"embeddable":true,"href":"https:\/\/velarspfuneraria.com.br\/blog\/wp-json\/wp\/v2\/users\/2"}],"replies":[{"embeddable":true,"href":"https:\/\/velarspfuneraria.com.br\/blog\/wp-json\/wp\/v2\/comments?post=192"}],"version-history":[{"count":7,"href":"https:\/\/velarspfuneraria.com.br\/blog\/wp-json\/wp\/v2\/posts\/192\/revisions"}],"predecessor-version":[{"id":324,"href":"https:\/\/velarspfuneraria.com.br\/blog\/wp-json\/wp\/v2\/posts\/192\/revisions\/324"}],"wp:featuredmedia":[{"embeddable":true,"href":"https:\/\/velarspfuneraria.com.br\/blog\/wp-json\/wp\/v2\/media\/196"}],"wp:attachment":[{"href":"https:\/\/velarspfuneraria.com.br\/blog\/wp-json\/wp\/v2\/media?parent=192"}],"wp:term":[{"taxonomy":"category","embeddable":true,"href":"https:\/\/velarspfuneraria.com.br\/blog\/wp-json\/wp\/v2\/categories?post=192"},{"taxonomy":"post_tag","embeddable":true,"href":"https:\/\/velarspfuneraria.com.br\/blog\/wp-json\/wp\/v2\/tags?post=192"}],"curies":[{"name":"wp","href":"https:\/\/api.w.org\/{rel}","templated":true}]}}