{"id":224,"date":"2026-02-05T09:25:42","date_gmt":"2026-02-05T12:25:42","guid":{"rendered":"https:\/\/velarspfuneraria.com.br\/blog\/?p=224"},"modified":"2026-02-05T10:10:37","modified_gmt":"2026-02-05T13:10:37","slug":"cremacao-ou-sepultamento-qual-o-mais-barato","status":"publish","type":"post","link":"https:\/\/velarspfuneraria.com.br\/blog\/cremacao-ou-sepultamento-qual-o-mais-barato\/","title":{"rendered":"Crema\u00e7\u00e3o ou sepultamento: qual o mais barato no Brasil"},"content":{"rendered":"\n<p>Quando ocorre uma perda, a fam\u00edlia precisa tomar decis\u00f5es importantes em pouco tempo. Nesse momento, entender <strong>crema\u00e7\u00e3o ou sepultamento: qual o mais barato<\/strong> se torna uma d\u00favida comum e totalmente compreens\u00edvel.<\/p>\n\n\n\n<p>Al\u00e9m disso, muitas pessoas nunca tiveram contato direto com servi\u00e7os funer\u00e1rios. Por esse motivo, a falta de informa\u00e7\u00e3o clara pode aumentar a inseguran\u00e7a e dificultar a escolha.<\/p>\n\n\n\n<p>Com orienta\u00e7\u00e3o adequada, a fam\u00edlia consegue avaliar as op\u00e7\u00f5es com mais calma. Assim, a decis\u00e3o passa a considerar tanto o aspecto financeiro quanto o emocional, sempre com respeito e consci\u00eancia.<\/p>\n\n\n\n<h2 class=\"wp-block-heading\">O que \u00e9 crema\u00e7\u00e3o e seus procedimentos<\/h2>\n\n\n\n<p><a href=\"https:\/\/velarspfuneraria.com.br\/blog\/crematorio-vila-alpina\/\" type=\"link\" id=\"https:\/\/velarspfuneraria.com.br\/blog\/crematorio-vila-alpina\/\">A crema\u00e7\u00e3o<\/a> \u00e9 um procedimento funer\u00e1rio realizado em cremat\u00f3rios autorizados pelos \u00f3rg\u00e3os competentes. Todo o processo segue regras rigorosas de identifica\u00e7\u00e3o, seguran\u00e7a e controle.<\/p>\n\n\n\n<p>Ap\u00f3s a libera\u00e7\u00e3o legal, o corpo passa por um processo t\u00e9rmico controlado. Como resultado, os restos s\u00e3o transformados em cinzas, que s\u00e3o entregues \u00e0 fam\u00edlia em urna apropriada.<\/p>\n\n\n\n<p>Al\u00e9m disso, a crema\u00e7\u00e3o permite flexibilidade nos rituais de despedida. A fam\u00edlia pode realizar uma cerim\u00f4nia antes do procedimento ou optar por uma homenagem em outro momento. Dessa forma, o processo se adapta \u00e0s cren\u00e7as e aos desejos pessoais.<\/p>\n\n\n\n<h2 class=\"wp-block-heading\">O que \u00e9 o sepultamento e como funciona<\/h2>\n\n\n\n<p>O sepultamento \u00e9 a forma mais tradicional de despedida no Brasil. Nesse modelo, o corpo \u00e9 velado e enterrado em jazigo, seja em cemit\u00e9rio p\u00fablico ou particular.<\/p>\n\n\n\n<p>Esse procedimento envolve etapas como prepara\u00e7\u00e3o do corpo, cerim\u00f4nia e utiliza\u00e7\u00e3o de um espa\u00e7o espec\u00edfico. Al\u00e9m disso, podem existir taxas relacionadas \u00e0 manuten\u00e7\u00e3o do jazigo ao longo do tempo.<\/p>\n\n\n\n<p>No entanto, muitas fam\u00edlias escolhem o sepultamento por motivos culturais, religiosos ou afetivos. Por esse motivo, essa op\u00e7\u00e3o continua sendo significativa e respeitada.<\/p>\n\n\n\n<h2 class=\"wp-block-heading\">Crema\u00e7\u00e3o ou sepultamento: qual o mais barato na pr\u00e1tica<\/h2>\n\n\n\n<p>Ao analisar <strong>crema\u00e7\u00e3o ou sepultamento: qual o mais barato<\/strong>, \u00e9 importante observar que o custo varia conforme o contexto. Em muitos casos, a crema\u00e7\u00e3o apresenta valores mais previs\u00edveis.<\/p>\n\n\n\n<p>Normalmente, a crema\u00e7\u00e3o envolve um pacote \u00fanico, que inclui o procedimento e servi\u00e7os b\u00e1sicos. J\u00e1 o sepultamento pode gerar custos adicionais, dependendo da necessidade de jazigo, taxas administrativas e manuten\u00e7\u00e3o.<\/p>\n\n\n\n<p>Por outro lado, quando a fam\u00edlia j\u00e1 possui jazigo ou utiliza cemit\u00e9rio p\u00fablico, o sepultamento pode se tornar mais acess\u00edvel. Dessa forma, o custo final depende das escolhas feitas.<\/p>\n\n\n\n<p>Como resultado, n\u00e3o existe uma resposta \u00fanica. O mais barato varia conforme a realidade de cada fam\u00edlia.<\/p>\n\n\n\n<h2 class=\"wp-block-heading\">Diferen\u00e7a de custos ao longo do tempo<\/h2>\n\n\n\n<p>Outro ponto importante ao comparar <strong>crema\u00e7\u00e3o ou sepultamento: qual o mais barato<\/strong> envolve o longo prazo. A crema\u00e7\u00e3o geralmente n\u00e3o gera despesas recorrentes obrigat\u00f3rias.<\/p>\n\n\n\n<p><a href=\"https:\/\/velarfunerariasp.com.br\/sepultamento-como-e-feito\/\" type=\"link\" id=\"https:\/\/velarfunerariasp.com.br\/sepultamento-como-e-feito\/\">No sepultamento<\/a>, podem existir custos futuros, como manuten\u00e7\u00e3o do espa\u00e7o ou taxas peri\u00f3dicas. Al\u00e9m disso, algumas fam\u00edlias optam por melhorias no jazigo com o passar dos anos.<\/p>\n\n\n\n<p>Por esse motivo, avaliar o impacto financeiro al\u00e9m do momento inicial ajuda a evitar surpresas.<\/p>\n\n\n\n<h2 class=\"wp-block-heading\">Aspectos emocionais que v\u00e3o al\u00e9m do valor<\/h2>\n\n\n\n<p>Embora o custo seja relevante, a escolha n\u00e3o deve se basear apenas no pre\u00e7o. O aspecto emocional tamb\u00e9m merece aten\u00e7\u00e3o.<\/p>\n\n\n\n<p>Algumas fam\u00edlias encontram conforto na tradi\u00e7\u00e3o do sepultamento. Outras se sentem mais acolhidas pela simplicidade da crema\u00e7\u00e3o. Assim, respeitar sentimentos e cren\u00e7as \u00e9 essencial.<\/p>\n\n\n\n<p>Nesse contexto, entender <strong>crema\u00e7\u00e3o ou sepultamento: qual o mais barato<\/strong> ajuda na organiza\u00e7\u00e3o financeira, mas n\u00e3o substitui a reflex\u00e3o pessoal.<\/p>\n\n\n\n<h2 class=\"wp-block-heading\">Como decidir entre crema\u00e7\u00e3o ou sepultamento<\/h2>\n\n\n\n<p>Antes de decidir, converse com os familiares e considere os desejos envolvidos. Primeiramente, verifique quais op\u00e7\u00f5es est\u00e3o dispon\u00edveis na sua cidade.<\/p>\n\n\n\n<p>Em seguida, solicite or\u00e7amentos detalhados. <a href=\"https:\/\/crematorio24horas.com.br\/\" type=\"link\" id=\"https:\/\/crematorio24horas.com.br\/\">Dessa forma, fica mais f\u00e1cil compreender o que cada servi\u00e7o oferece. Al\u00e9m disso, observe a transpar\u00eancia no atendimento.<\/a><\/p>\n\n\n\n<p>Por fim, avalie custo, significado e acolhimento. Assim, a decis\u00e3o se torna mais segura e respeitosa.<\/p>\n\n\n\n<h2 class=\"wp-block-heading\">D\u00favidas frequentes sobre crema\u00e7\u00e3o e sepultamento<\/h2>\n\n\n\n<p><strong>Crema\u00e7\u00e3o ou sepultamento: qual o mais barato atualmente?<\/strong><br>Depende da cidade, do tipo de servi\u00e7o e das escolhas feitas pela fam\u00edlia.<\/p>\n\n\n\n<p><strong>A crema\u00e7\u00e3o gera custos futuros?<\/strong><br>Geralmente n\u00e3o, pois n\u00e3o h\u00e1 manuten\u00e7\u00e3o obrigat\u00f3ria.<\/p>\n\n\n\n<p><strong>O sepultamento pode ser mais econ\u00f4mico?<\/strong><br>Sim. Em cemit\u00e9rios p\u00fablicos ou com jazigo familiar, o custo pode ser menor.<\/p>\n\n\n\n<p><strong>\u00c9 poss\u00edvel realizar cerim\u00f4nia nos dois casos?<\/strong><br>Sim. Ambas as op\u00e7\u00f5es permitem despedidas personalizadas.<\/p>\n\n\n\n<p>Entender <strong>crema\u00e7\u00e3o ou sepultamento: qual o mais barato<\/strong> ajuda a reduzir a ansiedade em um momento delicado. Informa\u00e7\u00e3o clara facilita escolhas conscientes e respeitosas.<\/p>\n\n\n\n<p>Se voc\u00ea precisa de orienta\u00e7\u00e3o, or\u00e7amento ou atendimento humanizado, entre em contato conosco ou fale pelo <strong>WhatsApp<\/strong>. Estamos aqui para ajudar com cuidado e transpar\u00eancia.<\/p>\n\n\n\n\n\t\t<style>\n\t\t\t@media(max-width:767px){\n\t\t\t\t.container-btns-post > * {\n\t\t\t\t\tmargin: 0 auto\n\t\t\t\t}\n\t\t\t}\n\t\t<\/style>\n\t\t<div class='container-btns-post' style='display: flex; gap: 15px; align-items: center; flex-wrap: wrap'>\n\t\t\t<a class='phone-number' href='tel:01131630912'>11 3163-0912<\/a><a class='whatsapp-number' target='_blank' href='https:\/\/wa.me\/551131630123?text=Estou%20no%20site%20Velar%20SP%20Funer%C3%A1ria%20e%20gostaria%20de%20mais%20informa%C3%A7%C3%B5es.%5Cn%5Cn%2A%5BAtendimento%20%230912-POST%5D%2A'>11 3163-0123<\/a>\n\t\t<\/div>\n","protected":false},"excerpt":{"rendered":"<p>Quando ocorre uma perda, a fam\u00edlia precisa tomar decis\u00f5es importantes em pouco tempo. Nesse momento, entender crema\u00e7\u00e3o ou sepultamento: qual o mais barato se torna uma d\u00favida comum e totalmente compreens\u00edvel. Al\u00e9m disso, muitas pessoas nunca tiveram contato direto com servi\u00e7os funer\u00e1rios. Por esse motivo, a falta de informa\u00e7\u00e3o clara pode aumentar a inseguran\u00e7a e [&hellip;]<\/p>\n","protected":false},"author":2,"featured_media":226,"comment_status":"open","ping_status":"open","sticky":false,"template":"","format":"standard","meta":{"footnotes":""},"categories":[1],"tags":[],"class_list":["post-224","post","type-post","status-publish","format-standard","has-post-thumbnail","hentry","category-sem-categoria"],"yoast_head":"<!-- This site is optimized with the Yoast SEO plugin v26.8 - https:\/\/yoast.com\/product\/yoast-seo-wordpress\/ -->\n<title>Crema\u00e7\u00e3o ou sepultamento qual o mais barato no Brasil<\/title>\n<meta name=\"description\" content=\"Crema\u00e7\u00e3o ou sepultamento qual o mais barato? Entenda os custos, compare op\u00e7\u00f5es e escolha com mais tranquilidade e respeito.\" \/>\n<meta name=\"robots\" content=\"noindex, follow, max-snippet:-1, max-image-preview:large, max-video-preview:-1\" \/>\n<meta property=\"og:locale\" content=\"pt_BR\" \/>\n<meta property=\"og:type\" content=\"article\" \/>\n<meta property=\"og:title\" content=\"Crema\u00e7\u00e3o ou sepultamento qual o mais barato no Brasil\" \/>\n<meta property=\"og:description\" content=\"Crema\u00e7\u00e3o ou sepultamento qual o mais barato? Entenda os custos, compare op\u00e7\u00f5es e escolha com mais tranquilidade e respeito.\" \/>\n<meta property=\"og:url\" content=\"https:\/\/velarspfuneraria.com.br\/blog\/cremacao-ou-sepultamento-qual-o-mais-barato\/\" \/>\n<meta property=\"og:site_name\" content=\"Velar SP Funer\u00e1ria\" \/>\n<meta property=\"article:published_time\" content=\"2026-02-05T12:25:42+00:00\" \/>\n<meta property=\"article:modified_time\" content=\"2026-02-05T13:10:37+00:00\" \/>\n<meta property=\"og:image\" content=\"https:\/\/velarspfuneraria.com.br\/blog\/wp-content\/uploads\/2026\/02\/view-gravestone-with-flowers-candle-scaled.jpg\" \/>\n\t<meta property=\"og:image:width\" content=\"2560\" \/>\n\t<meta property=\"og:image:height\" content=\"1707\" \/>\n\t<meta property=\"og:image:type\" content=\"image\/jpeg\" \/>\n<meta name=\"author\" content=\"Rafaela\" \/>\n<meta name=\"twitter:card\" content=\"summary_large_image\" \/>\n<meta name=\"twitter:label1\" content=\"Escrito por\" \/>\n\t<meta name=\"twitter:data1\" content=\"Rafaela\" \/>\n\t<meta name=\"twitter:label2\" content=\"Est. tempo de leitura\" \/>\n\t<meta name=\"twitter:data2\" content=\"5 minutos\" \/>\n<script type=\"application\/ld+json\" class=\"yoast-schema-graph\">{\"@context\":\"https:\/\/schema.org\",\"@graph\":[{\"@type\":\"Article\",\"@id\":\"https:\/\/velarspfuneraria.com.br\/blog\/cremacao-ou-sepultamento-qual-o-mais-barato\/#article\",\"isPartOf\":{\"@id\":\"https:\/\/velarspfuneraria.com.br\/blog\/cremacao-ou-sepultamento-qual-o-mais-barato\/\"},\"author\":{\"name\":\"Rafaela\",\"@id\":\"https:\/\/velarspfuneraria.com.br\/blog\/#\/schema\/person\/8d2def147a66049df56b513bf35778fe\"},\"headline\":\"Crema\u00e7\u00e3o ou sepultamento: qual o mais barato no Brasil\",\"datePublished\":\"2026-02-05T12:25:42+00:00\",\"dateModified\":\"2026-02-05T13:10:37+00:00\",\"mainEntityOfPage\":{\"@id\":\"https:\/\/velarspfuneraria.com.br\/blog\/cremacao-ou-sepultamento-qual-o-mais-barato\/\"},\"wordCount\":833,\"commentCount\":0,\"image\":{\"@id\":\"https:\/\/velarspfuneraria.com.br\/blog\/cremacao-ou-sepultamento-qual-o-mais-barato\/#primaryimage\"},\"thumbnailUrl\":\"https:\/\/velarspfuneraria.com.br\/blog\/wp-content\/uploads\/2026\/02\/view-gravestone-with-flowers-candle-scaled.jpg\",\"inLanguage\":\"pt-BR\",\"potentialAction\":[{\"@type\":\"CommentAction\",\"name\":\"Comment\",\"target\":[\"https:\/\/velarspfuneraria.com.br\/blog\/cremacao-ou-sepultamento-qual-o-mais-barato\/#respond\"]}]},{\"@type\":\"WebPage\",\"@id\":\"https:\/\/velarspfuneraria.com.br\/blog\/cremacao-ou-sepultamento-qual-o-mais-barato\/\",\"url\":\"https:\/\/velarspfuneraria.com.br\/blog\/cremacao-ou-sepultamento-qual-o-mais-barato\/\",\"name\":\"Crema\u00e7\u00e3o ou sepultamento qual o mais barato no Brasil\",\"isPartOf\":{\"@id\":\"https:\/\/velarspfuneraria.com.br\/blog\/#website\"},\"primaryImageOfPage\":{\"@id\":\"https:\/\/velarspfuneraria.com.br\/blog\/cremacao-ou-sepultamento-qual-o-mais-barato\/#primaryimage\"},\"image\":{\"@id\":\"https:\/\/velarspfuneraria.com.br\/blog\/cremacao-ou-sepultamento-qual-o-mais-barato\/#primaryimage\"},\"thumbnailUrl\":\"https:\/\/velarspfuneraria.com.br\/blog\/wp-content\/uploads\/2026\/02\/view-gravestone-with-flowers-candle-scaled.jpg\",\"datePublished\":\"2026-02-05T12:25:42+00:00\",\"dateModified\":\"2026-02-05T13:10:37+00:00\",\"author\":{\"@id\":\"https:\/\/velarspfuneraria.com.br\/blog\/#\/schema\/person\/8d2def147a66049df56b513bf35778fe\"},\"description\":\"Crema\u00e7\u00e3o ou sepultamento qual o mais barato? Entenda os custos, compare op\u00e7\u00f5es e escolha com mais tranquilidade e respeito.\",\"breadcrumb\":{\"@id\":\"https:\/\/velarspfuneraria.com.br\/blog\/cremacao-ou-sepultamento-qual-o-mais-barato\/#breadcrumb\"},\"inLanguage\":\"pt-BR\",\"potentialAction\":[{\"@type\":\"ReadAction\",\"target\":[\"https:\/\/velarspfuneraria.com.br\/blog\/cremacao-ou-sepultamento-qual-o-mais-barato\/\"]}]},{\"@type\":\"ImageObject\",\"inLanguage\":\"pt-BR\",\"@id\":\"https:\/\/velarspfuneraria.com.br\/blog\/cremacao-ou-sepultamento-qual-o-mais-barato\/#primaryimage\",\"url\":\"https:\/\/velarspfuneraria.com.br\/blog\/wp-content\/uploads\/2026\/02\/view-gravestone-with-flowers-candle-scaled.jpg\",\"contentUrl\":\"https:\/\/velarspfuneraria.com.br\/blog\/wp-content\/uploads\/2026\/02\/view-gravestone-with-flowers-candle-scaled.jpg\",\"width\":2560,\"height\":1707,\"caption\":\"Crema\u00e7\u00e3o ou sepultamento qual o mais barato no Brasil\"},{\"@type\":\"BreadcrumbList\",\"@id\":\"https:\/\/velarspfuneraria.com.br\/blog\/cremacao-ou-sepultamento-qual-o-mais-barato\/#breadcrumb\",\"itemListElement\":[{\"@type\":\"ListItem\",\"position\":1,\"name\":\"In\u00edcio\",\"item\":\"https:\/\/velarspfuneraria.com.br\/blog\/\"},{\"@type\":\"ListItem\",\"position\":2,\"name\":\"Crema\u00e7\u00e3o ou sepultamento: qual o mais barato no Brasil\"}]},{\"@type\":\"WebSite\",\"@id\":\"https:\/\/velarspfuneraria.com.br\/blog\/#website\",\"url\":\"https:\/\/velarspfuneraria.com.br\/blog\/\",\"name\":\"Velar SP Funer\u00e1ria\",\"description\":\"\",\"potentialAction\":[{\"@type\":\"SearchAction\",\"target\":{\"@type\":\"EntryPoint\",\"urlTemplate\":\"https:\/\/velarspfuneraria.com.br\/blog\/?s={search_term_string}\"},\"query-input\":{\"@type\":\"PropertyValueSpecification\",\"valueRequired\":true,\"valueName\":\"search_term_string\"}}],\"inLanguage\":\"pt-BR\"},{\"@type\":\"Person\",\"@id\":\"https:\/\/velarspfuneraria.com.br\/blog\/#\/schema\/person\/8d2def147a66049df56b513bf35778fe\",\"name\":\"Rafaela\",\"image\":{\"@type\":\"ImageObject\",\"inLanguage\":\"pt-BR\",\"@id\":\"https:\/\/velarspfuneraria.com.br\/blog\/#\/schema\/person\/image\/\",\"url\":\"https:\/\/secure.gravatar.com\/avatar\/6d499a9a62f923ea2760188b4d3f0f14096efaba0b988cadddc1a7eb4725d31f?s=96&d=mm&r=g\",\"contentUrl\":\"https:\/\/secure.gravatar.com\/avatar\/6d499a9a62f923ea2760188b4d3f0f14096efaba0b988cadddc1a7eb4725d31f?s=96&d=mm&r=g\",\"caption\":\"Rafaela\"},\"url\":\"https:\/\/velarspfuneraria.com.br\/blog\/author\/rafaela\/\"}]}<\/script>\n<!-- \/ Yoast SEO plugin. -->","yoast_head_json":{"title":"Crema\u00e7\u00e3o ou sepultamento qual o mais barato no Brasil","description":"Crema\u00e7\u00e3o ou sepultamento qual o mais barato? Entenda os custos, compare op\u00e7\u00f5es e escolha com mais tranquilidade e respeito.","robots":{"index":"noindex","follow":"follow","max-snippet":"max-snippet:-1","max-image-preview":"max-image-preview:large","max-video-preview":"max-video-preview:-1"},"og_locale":"pt_BR","og_type":"article","og_title":"Crema\u00e7\u00e3o ou sepultamento qual o mais barato no Brasil","og_description":"Crema\u00e7\u00e3o ou sepultamento qual o mais barato? Entenda os custos, compare op\u00e7\u00f5es e escolha com mais tranquilidade e respeito.","og_url":"https:\/\/velarspfuneraria.com.br\/blog\/cremacao-ou-sepultamento-qual-o-mais-barato\/","og_site_name":"Velar SP Funer\u00e1ria","article_published_time":"2026-02-05T12:25:42+00:00","article_modified_time":"2026-02-05T13:10:37+00:00","og_image":[{"width":2560,"height":1707,"url":"https:\/\/velarspfuneraria.com.br\/blog\/wp-content\/uploads\/2026\/02\/view-gravestone-with-flowers-candle-scaled.jpg","type":"image\/jpeg"}],"author":"Rafaela","twitter_card":"summary_large_image","twitter_misc":{"Escrito por":"Rafaela","Est. tempo de leitura":"5 minutos"},"schema":{"@context":"https:\/\/schema.org","@graph":[{"@type":"Article","@id":"https:\/\/velarspfuneraria.com.br\/blog\/cremacao-ou-sepultamento-qual-o-mais-barato\/#article","isPartOf":{"@id":"https:\/\/velarspfuneraria.com.br\/blog\/cremacao-ou-sepultamento-qual-o-mais-barato\/"},"author":{"name":"Rafaela","@id":"https:\/\/velarspfuneraria.com.br\/blog\/#\/schema\/person\/8d2def147a66049df56b513bf35778fe"},"headline":"Crema\u00e7\u00e3o ou sepultamento: qual o mais barato no Brasil","datePublished":"2026-02-05T12:25:42+00:00","dateModified":"2026-02-05T13:10:37+00:00","mainEntityOfPage":{"@id":"https:\/\/velarspfuneraria.com.br\/blog\/cremacao-ou-sepultamento-qual-o-mais-barato\/"},"wordCount":833,"commentCount":0,"image":{"@id":"https:\/\/velarspfuneraria.com.br\/blog\/cremacao-ou-sepultamento-qual-o-mais-barato\/#primaryimage"},"thumbnailUrl":"https:\/\/velarspfuneraria.com.br\/blog\/wp-content\/uploads\/2026\/02\/view-gravestone-with-flowers-candle-scaled.jpg","inLanguage":"pt-BR","potentialAction":[{"@type":"CommentAction","name":"Comment","target":["https:\/\/velarspfuneraria.com.br\/blog\/cremacao-ou-sepultamento-qual-o-mais-barato\/#respond"]}]},{"@type":"WebPage","@id":"https:\/\/velarspfuneraria.com.br\/blog\/cremacao-ou-sepultamento-qual-o-mais-barato\/","url":"https:\/\/velarspfuneraria.com.br\/blog\/cremacao-ou-sepultamento-qual-o-mais-barato\/","name":"Crema\u00e7\u00e3o ou sepultamento qual o mais barato no Brasil","isPartOf":{"@id":"https:\/\/velarspfuneraria.com.br\/blog\/#website"},"primaryImageOfPage":{"@id":"https:\/\/velarspfuneraria.com.br\/blog\/cremacao-ou-sepultamento-qual-o-mais-barato\/#primaryimage"},"image":{"@id":"https:\/\/velarspfuneraria.com.br\/blog\/cremacao-ou-sepultamento-qual-o-mais-barato\/#primaryimage"},"thumbnailUrl":"https:\/\/velarspfuneraria.com.br\/blog\/wp-content\/uploads\/2026\/02\/view-gravestone-with-flowers-candle-scaled.jpg","datePublished":"2026-02-05T12:25:42+00:00","dateModified":"2026-02-05T13:10:37+00:00","author":{"@id":"https:\/\/velarspfuneraria.com.br\/blog\/#\/schema\/person\/8d2def147a66049df56b513bf35778fe"},"description":"Crema\u00e7\u00e3o ou sepultamento qual o mais barato? Entenda os custos, compare op\u00e7\u00f5es e escolha com mais tranquilidade e respeito.","breadcrumb":{"@id":"https:\/\/velarspfuneraria.com.br\/blog\/cremacao-ou-sepultamento-qual-o-mais-barato\/#breadcrumb"},"inLanguage":"pt-BR","potentialAction":[{"@type":"ReadAction","target":["https:\/\/velarspfuneraria.com.br\/blog\/cremacao-ou-sepultamento-qual-o-mais-barato\/"]}]},{"@type":"ImageObject","inLanguage":"pt-BR","@id":"https:\/\/velarspfuneraria.com.br\/blog\/cremacao-ou-sepultamento-qual-o-mais-barato\/#primaryimage","url":"https:\/\/velarspfuneraria.com.br\/blog\/wp-content\/uploads\/2026\/02\/view-gravestone-with-flowers-candle-scaled.jpg","contentUrl":"https:\/\/velarspfuneraria.com.br\/blog\/wp-content\/uploads\/2026\/02\/view-gravestone-with-flowers-candle-scaled.jpg","width":2560,"height":1707,"caption":"Crema\u00e7\u00e3o ou sepultamento qual o mais barato no Brasil"},{"@type":"BreadcrumbList","@id":"https:\/\/velarspfuneraria.com.br\/blog\/cremacao-ou-sepultamento-qual-o-mais-barato\/#breadcrumb","itemListElement":[{"@type":"ListItem","position":1,"name":"In\u00edcio","item":"https:\/\/velarspfuneraria.com.br\/blog\/"},{"@type":"ListItem","position":2,"name":"Crema\u00e7\u00e3o ou sepultamento: qual o mais barato no Brasil"}]},{"@type":"WebSite","@id":"https:\/\/velarspfuneraria.com.br\/blog\/#website","url":"https:\/\/velarspfuneraria.com.br\/blog\/","name":"Velar SP Funer\u00e1ria","description":"","potentialAction":[{"@type":"SearchAction","target":{"@type":"EntryPoint","urlTemplate":"https:\/\/velarspfuneraria.com.br\/blog\/?s={search_term_string}"},"query-input":{"@type":"PropertyValueSpecification","valueRequired":true,"valueName":"search_term_string"}}],"inLanguage":"pt-BR"},{"@type":"Person","@id":"https:\/\/velarspfuneraria.com.br\/blog\/#\/schema\/person\/8d2def147a66049df56b513bf35778fe","name":"Rafaela","image":{"@type":"ImageObject","inLanguage":"pt-BR","@id":"https:\/\/velarspfuneraria.com.br\/blog\/#\/schema\/person\/image\/","url":"https:\/\/secure.gravatar.com\/avatar\/6d499a9a62f923ea2760188b4d3f0f14096efaba0b988cadddc1a7eb4725d31f?s=96&d=mm&r=g","contentUrl":"https:\/\/secure.gravatar.com\/avatar\/6d499a9a62f923ea2760188b4d3f0f14096efaba0b988cadddc1a7eb4725d31f?s=96&d=mm&r=g","caption":"Rafaela"},"url":"https:\/\/velarspfuneraria.com.br\/blog\/author\/rafaela\/"}]}},"_links":{"self":[{"href":"https:\/\/velarspfuneraria.com.br\/blog\/wp-json\/wp\/v2\/posts\/224","targetHints":{"allow":["GET"]}}],"collection":[{"href":"https:\/\/velarspfuneraria.com.br\/blog\/wp-json\/wp\/v2\/posts"}],"about":[{"href":"https:\/\/velarspfuneraria.com.br\/blog\/wp-json\/wp\/v2\/types\/post"}],"author":[{"embeddable":true,"href":"https:\/\/velarspfuneraria.com.br\/blog\/wp-json\/wp\/v2\/users\/2"}],"replies":[{"embeddable":true,"href":"https:\/\/velarspfuneraria.com.br\/blog\/wp-json\/wp\/v2\/comments?post=224"}],"version-history":[{"count":3,"href":"https:\/\/velarspfuneraria.com.br\/blog\/wp-json\/wp\/v2\/posts\/224\/revisions"}],"predecessor-version":[{"id":254,"href":"https:\/\/velarspfuneraria.com.br\/blog\/wp-json\/wp\/v2\/posts\/224\/revisions\/254"}],"wp:featuredmedia":[{"embeddable":true,"href":"https:\/\/velarspfuneraria.com.br\/blog\/wp-json\/wp\/v2\/media\/226"}],"wp:attachment":[{"href":"https:\/\/velarspfuneraria.com.br\/blog\/wp-json\/wp\/v2\/media?parent=224"}],"wp:term":[{"taxonomy":"category","embeddable":true,"href":"https:\/\/velarspfuneraria.com.br\/blog\/wp-json\/wp\/v2\/categories?post=224"},{"taxonomy":"post_tag","embeddable":true,"href":"https:\/\/velarspfuneraria.com.br\/blog\/wp-json\/wp\/v2\/tags?post=224"}],"curies":[{"name":"wp","href":"https:\/\/api.w.org\/{rel}","templated":true}]}}