{"id":242,"date":"2026-02-05T12:20:42","date_gmt":"2026-02-05T15:20:42","guid":{"rendered":"https:\/\/velarspfuneraria.com.br\/blog\/?p=242"},"modified":"2026-03-05T08:37:07","modified_gmt":"2026-03-05T11:37:07","slug":"funeraria-vila-alpina-zona-leste-sp","status":"publish","type":"post","link":"https:\/\/velarspfuneraria.com.br\/blog\/funeraria-vila-alpina-zona-leste-sp\/","title":{"rendered":"Funer\u00e1ria Zona Leste: Atendimento Humanizado na Vila Alpina"},"content":{"rendered":"\n<p>Perder algu\u00e9m \u00e9 sempre um momento delicado. Por isso, contar com uma <strong>Funer\u00e1ria na Zona Leste SP<\/strong> que ofere\u00e7a suporte completo faz toda a diferen\u00e7a. Seja para vel\u00f3rio, crema\u00e7\u00e3o, traslado ou planejamento antecipado, escolher uma empresa confi\u00e1vel garante que familiares e amigos possam se concentrar na homenagem, com dignidade, respeito e tranquilidade emocional.<\/p>\n\n\n\n<p>Al\u00e9m disso, se voc\u00ea mora na <strong>Vila Alpina<\/strong>, o atendimento \u00e9 r\u00e1pido, pr\u00f3ximo e pensado para atender com sensibilidade. Dessa forma, voc\u00ea recebe suporte imediato em um momento t\u00e3o sens\u00edvel, evitando deslocamentos desnecess\u00e1rios, reduzindo preocupa\u00e7\u00f5es pr\u00e1ticas e contando com profissionais preparados para cuidar de cada detalhe com aten\u00e7\u00e3o e empatia.<\/p>\n\n\n\n<h2 class=\"wp-block-heading\">Por que escolher uma Funer\u00e1ria na Zona Leste SP?<\/h2>\n\n\n\n<p>A Zona Leste de S\u00e3o Paulo \u00e9 ampla, e muitas fam\u00edlias procuram <strong><a href=\"https:\/\/velarspfuneraria.com.br\/blog\/crematorio-vila-alpina\/\" type=\"link\" id=\"https:\/\/velarspfuneraria.com.br\/blog\/crematorio-vila-alpina\/\">servi\u00e7os funer\u00e1rios confi\u00e1veis e pr\u00f3ximos<\/a><\/strong>. Portanto, optar por uma <strong>Funer\u00e1ria na Zona Leste SP<\/strong> que conhe\u00e7a bem a regi\u00e3o \u00e9 fundamental, especialmente para moradores da Vila Alpina.<\/p>\n\n\n\n<p>Principais diferenciais:<\/p>\n\n\n\n<ul class=\"wp-block-list\">\n<li><strong>Atendimento 24 horas<\/strong>, garantindo assist\u00eancia sempre que necess\u00e1rio;<\/li>\n\n\n\n<li><strong>Suporte emocional<\/strong>, auxiliando em decis\u00f5es dif\u00edceis, como tipo de vel\u00f3rio e documenta\u00e7\u00e3o legal;<\/li>\n\n\n\n<li><strong>Flexibilidade de servi\u00e7os<\/strong>, incluindo vel\u00f3rios tradicionais, crema\u00e7\u00e3o, transporte e prepara\u00e7\u00e3o do corpo.<\/li>\n<\/ul>\n\n\n\n<p>Assim, mesmo em momentos delicados, voc\u00ea sabe que ter\u00e1 cuidado, aten\u00e7\u00e3o e respeito em cada etapa.<\/p>\n\n\n\n<h2 class=\"wp-block-heading\">Servi\u00e7os completos de uma funer\u00e1ria na Zona Leste<\/h2>\n\n\n\n<p>Uma <strong>Funer\u00e1ria na Zona Leste SP<\/strong> oferece servi\u00e7os completos para que a despedida seja mais tranquila:<\/p>\n\n\n\n<p><strong>Vel\u00f3rio e cerim\u00f4nias personalizadas<\/strong><\/p>\n\n\n\n<p>O vel\u00f3rio \u00e9 um momento de despedida que deve refletir a vida do ente querido. Al\u00e9m disso, \u00e9 poss\u00edvel personalizar a decora\u00e7\u00e3o, escolher m\u00fasicas, criar memoriais e at\u00e9 transmitir ao vivo para familiares que n\u00e3o podem comparecer presencialmente.<\/p>\n\n\n\n<p><strong>Transporte e traslado<\/strong><\/p>\n\n\n\n<p>Quando h\u00e1 necessidade de translado dentro da cidade ou para outros estados, \u00e9 essencial cumprir normas legais. Uma <strong>Funer\u00e1ria na Zona Leste SP<\/strong> possui frota pr\u00f3pria e equipe especializada, garantindo transporte seguro e pontual, inclusive com atendimento r\u00e1pido na Vila Alpina.<\/p>\n\n\n\n<p><strong>Crema\u00e7\u00e3o e sepultamento<\/strong><\/p>\n\n\n\n<p>Hoje, muitas fam\u00edlias optam pela crema\u00e7\u00e3o por quest\u00f5es culturais, econ\u00f4micas ou ambientais. No entanto, a op\u00e7\u00e3o de sepultamento tradicional continua dispon\u00edvel, sempre com documenta\u00e7\u00e3o completa e acompanhamento profissional.<\/p>\n\n\n\n<h2 class=\"wp-block-heading\">Documenta\u00e7\u00e3o e burocracia<\/h2>\n\n\n\n<p>Lidar com papelada durante o luto pode ser desgastante. Por isso, a funer\u00e1ria auxilia na emiss\u00e3o de atestados de \u00f3bito, registros legais, certid\u00f5es e autoriza\u00e7\u00f5es, garantindo que tudo seja feito de acordo com as normas e com m\u00e1xima seguran\u00e7a.<\/p>\n\n\n\n<h2 class=\"wp-block-heading\">Atendimento humanizado<\/h2>\n\n\n\n<p>O acolhimento faz toda a diferen\u00e7a durante esse per\u00edodo. Al\u00e9m disso, uma <strong>Funer\u00e1ria na Zona Leste SP<\/strong> investe em atendimento humanizado, oferecendo:<\/p>\n\n\n\n<ul class=\"wp-block-list\">\n<li>Orienta\u00e7\u00e3o detalhada sobre cada etapa dos procedimentos;<\/li>\n\n\n\n<li>Suporte psicol\u00f3gico para familiares;<\/li>\n\n\n\n<li>Flexibilidade na escolha de servi\u00e7os;<\/li>\n\n\n\n<li>Transpar\u00eancia nos custos e contratos.<\/li>\n<\/ul>\n\n\n\n<p>Dessa forma, familiares e amigos podem se sentir amparados, com seguran\u00e7a e tranquilidade em cada decis\u00e3o.<\/p>\n\n\n\n<h2 class=\"wp-block-heading\">Prepara\u00e7\u00e3o e cuidados com a despedida<\/h2>\n\n\n\n<p>Mesmo em momentos dif\u00edceis, pequenas decis\u00f5es antecipadas tornam a despedida mais serena:<\/p>\n\n\n\n<ul class=\"wp-block-list\">\n<li>Escolher com calma o tipo de cerim\u00f4nia e o local do vel\u00f3rio;<\/li>\n\n\n\n<li>Ter maior previsibilidade nos custos, evitando surpresas;<\/li>\n\n\n\n<li>Reduzir o estresse de familiares e amigos;<\/li>\n\n\n\n<li>Definir detalhes como flores, m\u00fasicas e decora\u00e7\u00e3o sem pressa.<\/li>\n<\/ul>\n\n\n\n<p>Portanto, contar com uma <strong><a href=\"https:\/\/funerariadaleste.com.br\/\" type=\"link\" id=\"https:\/\/funerariadaleste.com.br\/\">Funer\u00e1ria<\/a> na Zona Leste SP<\/strong> que ofere\u00e7a suporte completo ajuda a transformar este momento delicado em uma despedida organizada e serena.<\/p>\n\n\n\n<h2 class=\"wp-block-heading\">Como escolher a funer\u00e1ria ideal<\/h2>\n\n\n\n<p>Ao buscar uma <strong>Funer\u00e1ria na Zona Leste SP<\/strong>, considere:<\/p>\n\n\n\n<ul class=\"wp-block-list\">\n<li>Experi\u00eancia e reputa\u00e7\u00e3o;<\/li>\n\n\n\n<li>Atendimento 24 horas e disponibilidade imediata;<\/li>\n\n\n\n<li>Variedade de servi\u00e7os: transporte, vel\u00f3rio e crema\u00e7\u00e3o;<\/li>\n\n\n\n<li>Atendimento humanizado;<\/li>\n\n\n\n<li>Pre\u00e7o justo e transpar\u00eancia.<\/li>\n<\/ul>\n\n\n\n<p>Al\u00e9m disso, consultar avalia\u00e7\u00f5es, pedir refer\u00eancias e visitar a funer\u00e1ria ajuda a garantir uma escolha segura e confi\u00e1vel.<\/p>\n\n\n\n<p><strong>Escolher uma Funer\u00e1ria na Zona Leste SP<\/strong><a href=\"https:\/\/velarspfuneraria.com.br\/blog\/crematorio-vila-alpina\/\" type=\"link\" id=\"https:\/\/velarspfuneraria.com.br\/blog\/crematorio-vila-alpina\/\">,<\/a> especialmente com atendimento na <strong>Vila Alpina<\/strong>, garante que a despedida de algu\u00e9m querido seja feita com dignidade, cuidado e respeito. Assim, com atendimento humanizado, suporte completo e servi\u00e7os personalizados, a fam\u00edlia pode enfrentar este momento com mais tranquilidade e foco na homenagem.<\/p>\n\n\n\n<p>Se voc\u00ea precisa de orienta\u00e7\u00e3o, or\u00e7amento ou atendimento humanizado, entre em contato conosco pela nossa Central de Atendimento ou fale pelo WhatsApp. Estamos prontos para ajudar com cuidado e transpar\u00eancia.<br>\n\t\t<style>\n\t\t\t@media(max-width:767px){\n\t\t\t\t.container-btns-post > * {\n\t\t\t\t\tmargin: 0 auto\n\t\t\t\t}\n\t\t\t}\n\t\t<\/style>\n\t\t<div class='container-btns-post' style='display: flex; gap: 15px; align-items: center; flex-wrap: wrap'>\n\t\t\t<a class='phone-number' href='tel:01131630912'>11 3163-0912<\/a><a class='whatsapp-number' target='_blank' href='https:\/\/wa.me\/551131630123?text=Estou%20no%20site%20Velar%20SP%20Funer%C3%A1ria%20e%20gostaria%20de%20mais%20informa%C3%A7%C3%B5es.%5Cn%5Cn%2A%5BAtendimento%20%230912-POST%5D%2A'>11 3163-0123<\/a>\n\t\t<\/div><\/p>\n\n\n\n<p><\/p>\n\n\n\n<p><\/p>\n","protected":false},"excerpt":{"rendered":"<p>Perder algu\u00e9m \u00e9 sempre um momento delicado. Por isso, contar com uma Funer\u00e1ria na Zona Leste SP que ofere\u00e7a suporte completo faz toda a diferen\u00e7a. Seja para vel\u00f3rio, crema\u00e7\u00e3o, traslado ou planejamento antecipado, escolher uma empresa confi\u00e1vel garante que familiares e amigos possam se concentrar na homenagem, com dignidade, respeito e tranquilidade emocional. Al\u00e9m disso, [&hellip;]<\/p>\n","protected":false},"author":2,"featured_media":276,"comment_status":"open","ping_status":"open","sticky":false,"template":"","format":"standard","meta":{"footnotes":""},"categories":[1],"tags":[],"class_list":["post-242","post","type-post","status-publish","format-standard","has-post-thumbnail","hentry","category-sem-categoria"],"yoast_head":"<!-- This site is optimized with the Yoast SEO plugin v26.8 - https:\/\/yoast.com\/product\/yoast-seo-wordpress\/ -->\n<title>Funer\u00e1ria na Zona Leste SP \u2013 Atendimento 24h na Vila Alpina<\/title>\n<meta name=\"description\" content=\"Funer\u00e1ria na Zona Leste SP com atendimento humanizado na Vila Alpina. Vel\u00f3rio, crema\u00e7\u00e3o e transporte 24h. Fale conosco pelo WhatsApp.\" \/>\n<meta name=\"robots\" content=\"noindex, follow, max-snippet:-1, max-image-preview:large, max-video-preview:-1\" \/>\n<meta property=\"og:locale\" content=\"pt_BR\" \/>\n<meta property=\"og:type\" content=\"article\" \/>\n<meta property=\"og:title\" content=\"Funer\u00e1ria na Zona Leste SP \u2013 Atendimento 24h na Vila Alpina\" \/>\n<meta property=\"og:description\" content=\"Funer\u00e1ria na Zona Leste SP com atendimento humanizado na Vila Alpina. Vel\u00f3rio, crema\u00e7\u00e3o e transporte 24h. Fale conosco pelo WhatsApp.\" \/>\n<meta property=\"og:url\" content=\"https:\/\/velarspfuneraria.com.br\/blog\/funeraria-vila-alpina-zona-leste-sp\/\" \/>\n<meta property=\"og:site_name\" content=\"Velar SP Funer\u00e1ria\" \/>\n<meta property=\"article:published_time\" content=\"2026-02-05T15:20:42+00:00\" \/>\n<meta property=\"article:modified_time\" content=\"2026-03-05T11:37:07+00:00\" \/>\n<meta property=\"og:image\" content=\"https:\/\/velarspfuneraria.com.br\/blog\/wp-content\/uploads\/2026\/02\/family-visiting-grave-loved-one-scaled.jpg\" \/>\n\t<meta property=\"og:image:width\" content=\"2560\" \/>\n\t<meta property=\"og:image:height\" content=\"1707\" \/>\n\t<meta property=\"og:image:type\" content=\"image\/jpeg\" \/>\n<meta name=\"author\" content=\"Rafaela\" \/>\n<meta name=\"twitter:card\" content=\"summary_large_image\" \/>\n<meta name=\"twitter:label1\" content=\"Escrito por\" \/>\n\t<meta name=\"twitter:data1\" content=\"Rafaela\" \/>\n\t<meta name=\"twitter:label2\" content=\"Est. tempo de leitura\" \/>\n\t<meta name=\"twitter:data2\" content=\"4 minutos\" \/>\n<script type=\"application\/ld+json\" class=\"yoast-schema-graph\">{\"@context\":\"https:\/\/schema.org\",\"@graph\":[{\"@type\":\"Article\",\"@id\":\"https:\/\/velarspfuneraria.com.br\/blog\/funeraria-vila-alpina-zona-leste-sp\/#article\",\"isPartOf\":{\"@id\":\"https:\/\/velarspfuneraria.com.br\/blog\/funeraria-vila-alpina-zona-leste-sp\/\"},\"author\":{\"name\":\"Rafaela\",\"@id\":\"https:\/\/velarspfuneraria.com.br\/blog\/#\/schema\/person\/8d2def147a66049df56b513bf35778fe\"},\"headline\":\"Funer\u00e1ria Zona Leste: Atendimento Humanizado na Vila Alpina\",\"datePublished\":\"2026-02-05T15:20:42+00:00\",\"dateModified\":\"2026-03-05T11:37:07+00:00\",\"mainEntityOfPage\":{\"@id\":\"https:\/\/velarspfuneraria.com.br\/blog\/funeraria-vila-alpina-zona-leste-sp\/\"},\"wordCount\":765,\"commentCount\":0,\"image\":{\"@id\":\"https:\/\/velarspfuneraria.com.br\/blog\/funeraria-vila-alpina-zona-leste-sp\/#primaryimage\"},\"thumbnailUrl\":\"https:\/\/velarspfuneraria.com.br\/blog\/wp-content\/uploads\/2026\/02\/family-visiting-grave-loved-one-scaled.jpg\",\"inLanguage\":\"pt-BR\",\"potentialAction\":[{\"@type\":\"CommentAction\",\"name\":\"Comment\",\"target\":[\"https:\/\/velarspfuneraria.com.br\/blog\/funeraria-vila-alpina-zona-leste-sp\/#respond\"]}]},{\"@type\":\"WebPage\",\"@id\":\"https:\/\/velarspfuneraria.com.br\/blog\/funeraria-vila-alpina-zona-leste-sp\/\",\"url\":\"https:\/\/velarspfuneraria.com.br\/blog\/funeraria-vila-alpina-zona-leste-sp\/\",\"name\":\"Funer\u00e1ria na Zona Leste SP \u2013 Atendimento 24h na Vila Alpina\",\"isPartOf\":{\"@id\":\"https:\/\/velarspfuneraria.com.br\/blog\/#website\"},\"primaryImageOfPage\":{\"@id\":\"https:\/\/velarspfuneraria.com.br\/blog\/funeraria-vila-alpina-zona-leste-sp\/#primaryimage\"},\"image\":{\"@id\":\"https:\/\/velarspfuneraria.com.br\/blog\/funeraria-vila-alpina-zona-leste-sp\/#primaryimage\"},\"thumbnailUrl\":\"https:\/\/velarspfuneraria.com.br\/blog\/wp-content\/uploads\/2026\/02\/family-visiting-grave-loved-one-scaled.jpg\",\"datePublished\":\"2026-02-05T15:20:42+00:00\",\"dateModified\":\"2026-03-05T11:37:07+00:00\",\"author\":{\"@id\":\"https:\/\/velarspfuneraria.com.br\/blog\/#\/schema\/person\/8d2def147a66049df56b513bf35778fe\"},\"description\":\"Funer\u00e1ria na Zona Leste SP com atendimento humanizado na Vila Alpina. Vel\u00f3rio, crema\u00e7\u00e3o e transporte 24h. Fale conosco pelo WhatsApp.\",\"breadcrumb\":{\"@id\":\"https:\/\/velarspfuneraria.com.br\/blog\/funeraria-vila-alpina-zona-leste-sp\/#breadcrumb\"},\"inLanguage\":\"pt-BR\",\"potentialAction\":[{\"@type\":\"ReadAction\",\"target\":[\"https:\/\/velarspfuneraria.com.br\/blog\/funeraria-vila-alpina-zona-leste-sp\/\"]}]},{\"@type\":\"ImageObject\",\"inLanguage\":\"pt-BR\",\"@id\":\"https:\/\/velarspfuneraria.com.br\/blog\/funeraria-vila-alpina-zona-leste-sp\/#primaryimage\",\"url\":\"https:\/\/velarspfuneraria.com.br\/blog\/wp-content\/uploads\/2026\/02\/family-visiting-grave-loved-one-scaled.jpg\",\"contentUrl\":\"https:\/\/velarspfuneraria.com.br\/blog\/wp-content\/uploads\/2026\/02\/family-visiting-grave-loved-one-scaled.jpg\",\"width\":2560,\"height\":1707,\"caption\":\"Funer\u00e1ria na Zona Leste SP \u2013 Atendimento 24h na Vila Alpina\"},{\"@type\":\"BreadcrumbList\",\"@id\":\"https:\/\/velarspfuneraria.com.br\/blog\/funeraria-vila-alpina-zona-leste-sp\/#breadcrumb\",\"itemListElement\":[{\"@type\":\"ListItem\",\"position\":1,\"name\":\"In\u00edcio\",\"item\":\"https:\/\/velarspfuneraria.com.br\/blog\/\"},{\"@type\":\"ListItem\",\"position\":2,\"name\":\"Funer\u00e1ria Zona Leste: Atendimento Humanizado na Vila Alpina\"}]},{\"@type\":\"WebSite\",\"@id\":\"https:\/\/velarspfuneraria.com.br\/blog\/#website\",\"url\":\"https:\/\/velarspfuneraria.com.br\/blog\/\",\"name\":\"Velar SP Funer\u00e1ria\",\"description\":\"\",\"potentialAction\":[{\"@type\":\"SearchAction\",\"target\":{\"@type\":\"EntryPoint\",\"urlTemplate\":\"https:\/\/velarspfuneraria.com.br\/blog\/?s={search_term_string}\"},\"query-input\":{\"@type\":\"PropertyValueSpecification\",\"valueRequired\":true,\"valueName\":\"search_term_string\"}}],\"inLanguage\":\"pt-BR\"},{\"@type\":\"Person\",\"@id\":\"https:\/\/velarspfuneraria.com.br\/blog\/#\/schema\/person\/8d2def147a66049df56b513bf35778fe\",\"name\":\"Rafaela\",\"image\":{\"@type\":\"ImageObject\",\"inLanguage\":\"pt-BR\",\"@id\":\"https:\/\/velarspfuneraria.com.br\/blog\/#\/schema\/person\/image\/\",\"url\":\"https:\/\/secure.gravatar.com\/avatar\/6d499a9a62f923ea2760188b4d3f0f14096efaba0b988cadddc1a7eb4725d31f?s=96&d=mm&r=g\",\"contentUrl\":\"https:\/\/secure.gravatar.com\/avatar\/6d499a9a62f923ea2760188b4d3f0f14096efaba0b988cadddc1a7eb4725d31f?s=96&d=mm&r=g\",\"caption\":\"Rafaela\"},\"url\":\"https:\/\/velarspfuneraria.com.br\/blog\/author\/rafaela\/\"}]}<\/script>\n<!-- \/ Yoast SEO plugin. -->","yoast_head_json":{"title":"Funer\u00e1ria na Zona Leste SP \u2013 Atendimento 24h na Vila Alpina","description":"Funer\u00e1ria na Zona Leste SP com atendimento humanizado na Vila Alpina. Vel\u00f3rio, crema\u00e7\u00e3o e transporte 24h. Fale conosco pelo WhatsApp.","robots":{"index":"noindex","follow":"follow","max-snippet":"max-snippet:-1","max-image-preview":"max-image-preview:large","max-video-preview":"max-video-preview:-1"},"og_locale":"pt_BR","og_type":"article","og_title":"Funer\u00e1ria na Zona Leste SP \u2013 Atendimento 24h na Vila Alpina","og_description":"Funer\u00e1ria na Zona Leste SP com atendimento humanizado na Vila Alpina. Vel\u00f3rio, crema\u00e7\u00e3o e transporte 24h. Fale conosco pelo WhatsApp.","og_url":"https:\/\/velarspfuneraria.com.br\/blog\/funeraria-vila-alpina-zona-leste-sp\/","og_site_name":"Velar SP Funer\u00e1ria","article_published_time":"2026-02-05T15:20:42+00:00","article_modified_time":"2026-03-05T11:37:07+00:00","og_image":[{"width":2560,"height":1707,"url":"https:\/\/velarspfuneraria.com.br\/blog\/wp-content\/uploads\/2026\/02\/family-visiting-grave-loved-one-scaled.jpg","type":"image\/jpeg"}],"author":"Rafaela","twitter_card":"summary_large_image","twitter_misc":{"Escrito por":"Rafaela","Est. tempo de leitura":"4 minutos"},"schema":{"@context":"https:\/\/schema.org","@graph":[{"@type":"Article","@id":"https:\/\/velarspfuneraria.com.br\/blog\/funeraria-vila-alpina-zona-leste-sp\/#article","isPartOf":{"@id":"https:\/\/velarspfuneraria.com.br\/blog\/funeraria-vila-alpina-zona-leste-sp\/"},"author":{"name":"Rafaela","@id":"https:\/\/velarspfuneraria.com.br\/blog\/#\/schema\/person\/8d2def147a66049df56b513bf35778fe"},"headline":"Funer\u00e1ria Zona Leste: Atendimento Humanizado na Vila Alpina","datePublished":"2026-02-05T15:20:42+00:00","dateModified":"2026-03-05T11:37:07+00:00","mainEntityOfPage":{"@id":"https:\/\/velarspfuneraria.com.br\/blog\/funeraria-vila-alpina-zona-leste-sp\/"},"wordCount":765,"commentCount":0,"image":{"@id":"https:\/\/velarspfuneraria.com.br\/blog\/funeraria-vila-alpina-zona-leste-sp\/#primaryimage"},"thumbnailUrl":"https:\/\/velarspfuneraria.com.br\/blog\/wp-content\/uploads\/2026\/02\/family-visiting-grave-loved-one-scaled.jpg","inLanguage":"pt-BR","potentialAction":[{"@type":"CommentAction","name":"Comment","target":["https:\/\/velarspfuneraria.com.br\/blog\/funeraria-vila-alpina-zona-leste-sp\/#respond"]}]},{"@type":"WebPage","@id":"https:\/\/velarspfuneraria.com.br\/blog\/funeraria-vila-alpina-zona-leste-sp\/","url":"https:\/\/velarspfuneraria.com.br\/blog\/funeraria-vila-alpina-zona-leste-sp\/","name":"Funer\u00e1ria na Zona Leste SP \u2013 Atendimento 24h na Vila Alpina","isPartOf":{"@id":"https:\/\/velarspfuneraria.com.br\/blog\/#website"},"primaryImageOfPage":{"@id":"https:\/\/velarspfuneraria.com.br\/blog\/funeraria-vila-alpina-zona-leste-sp\/#primaryimage"},"image":{"@id":"https:\/\/velarspfuneraria.com.br\/blog\/funeraria-vila-alpina-zona-leste-sp\/#primaryimage"},"thumbnailUrl":"https:\/\/velarspfuneraria.com.br\/blog\/wp-content\/uploads\/2026\/02\/family-visiting-grave-loved-one-scaled.jpg","datePublished":"2026-02-05T15:20:42+00:00","dateModified":"2026-03-05T11:37:07+00:00","author":{"@id":"https:\/\/velarspfuneraria.com.br\/blog\/#\/schema\/person\/8d2def147a66049df56b513bf35778fe"},"description":"Funer\u00e1ria na Zona Leste SP com atendimento humanizado na Vila Alpina. Vel\u00f3rio, crema\u00e7\u00e3o e transporte 24h. Fale conosco pelo WhatsApp.","breadcrumb":{"@id":"https:\/\/velarspfuneraria.com.br\/blog\/funeraria-vila-alpina-zona-leste-sp\/#breadcrumb"},"inLanguage":"pt-BR","potentialAction":[{"@type":"ReadAction","target":["https:\/\/velarspfuneraria.com.br\/blog\/funeraria-vila-alpina-zona-leste-sp\/"]}]},{"@type":"ImageObject","inLanguage":"pt-BR","@id":"https:\/\/velarspfuneraria.com.br\/blog\/funeraria-vila-alpina-zona-leste-sp\/#primaryimage","url":"https:\/\/velarspfuneraria.com.br\/blog\/wp-content\/uploads\/2026\/02\/family-visiting-grave-loved-one-scaled.jpg","contentUrl":"https:\/\/velarspfuneraria.com.br\/blog\/wp-content\/uploads\/2026\/02\/family-visiting-grave-loved-one-scaled.jpg","width":2560,"height":1707,"caption":"Funer\u00e1ria na Zona Leste SP \u2013 Atendimento 24h na Vila Alpina"},{"@type":"BreadcrumbList","@id":"https:\/\/velarspfuneraria.com.br\/blog\/funeraria-vila-alpina-zona-leste-sp\/#breadcrumb","itemListElement":[{"@type":"ListItem","position":1,"name":"In\u00edcio","item":"https:\/\/velarspfuneraria.com.br\/blog\/"},{"@type":"ListItem","position":2,"name":"Funer\u00e1ria Zona Leste: Atendimento Humanizado na Vila Alpina"}]},{"@type":"WebSite","@id":"https:\/\/velarspfuneraria.com.br\/blog\/#website","url":"https:\/\/velarspfuneraria.com.br\/blog\/","name":"Velar SP Funer\u00e1ria","description":"","potentialAction":[{"@type":"SearchAction","target":{"@type":"EntryPoint","urlTemplate":"https:\/\/velarspfuneraria.com.br\/blog\/?s={search_term_string}"},"query-input":{"@type":"PropertyValueSpecification","valueRequired":true,"valueName":"search_term_string"}}],"inLanguage":"pt-BR"},{"@type":"Person","@id":"https:\/\/velarspfuneraria.com.br\/blog\/#\/schema\/person\/8d2def147a66049df56b513bf35778fe","name":"Rafaela","image":{"@type":"ImageObject","inLanguage":"pt-BR","@id":"https:\/\/velarspfuneraria.com.br\/blog\/#\/schema\/person\/image\/","url":"https:\/\/secure.gravatar.com\/avatar\/6d499a9a62f923ea2760188b4d3f0f14096efaba0b988cadddc1a7eb4725d31f?s=96&d=mm&r=g","contentUrl":"https:\/\/secure.gravatar.com\/avatar\/6d499a9a62f923ea2760188b4d3f0f14096efaba0b988cadddc1a7eb4725d31f?s=96&d=mm&r=g","caption":"Rafaela"},"url":"https:\/\/velarspfuneraria.com.br\/blog\/author\/rafaela\/"}]}},"_links":{"self":[{"href":"https:\/\/velarspfuneraria.com.br\/blog\/wp-json\/wp\/v2\/posts\/242","targetHints":{"allow":["GET"]}}],"collection":[{"href":"https:\/\/velarspfuneraria.com.br\/blog\/wp-json\/wp\/v2\/posts"}],"about":[{"href":"https:\/\/velarspfuneraria.com.br\/blog\/wp-json\/wp\/v2\/types\/post"}],"author":[{"embeddable":true,"href":"https:\/\/velarspfuneraria.com.br\/blog\/wp-json\/wp\/v2\/users\/2"}],"replies":[{"embeddable":true,"href":"https:\/\/velarspfuneraria.com.br\/blog\/wp-json\/wp\/v2\/comments?post=242"}],"version-history":[{"count":11,"href":"https:\/\/velarspfuneraria.com.br\/blog\/wp-json\/wp\/v2\/posts\/242\/revisions"}],"predecessor-version":[{"id":352,"href":"https:\/\/velarspfuneraria.com.br\/blog\/wp-json\/wp\/v2\/posts\/242\/revisions\/352"}],"wp:featuredmedia":[{"embeddable":true,"href":"https:\/\/velarspfuneraria.com.br\/blog\/wp-json\/wp\/v2\/media\/276"}],"wp:attachment":[{"href":"https:\/\/velarspfuneraria.com.br\/blog\/wp-json\/wp\/v2\/media?parent=242"}],"wp:term":[{"taxonomy":"category","embeddable":true,"href":"https:\/\/velarspfuneraria.com.br\/blog\/wp-json\/wp\/v2\/categories?post=242"},{"taxonomy":"post_tag","embeddable":true,"href":"https:\/\/velarspfuneraria.com.br\/blog\/wp-json\/wp\/v2\/tags?post=242"}],"curies":[{"name":"wp","href":"https:\/\/api.w.org\/{rel}","templated":true}]}}