{"id":290,"date":"2026-02-05T15:56:58","date_gmt":"2026-02-05T18:56:58","guid":{"rendered":"https:\/\/velarspfuneraria.com.br\/blog\/?p=290"},"modified":"2026-02-05T16:03:15","modified_gmt":"2026-02-05T19:03:15","slug":"traslado-funerario-aereo","status":"publish","type":"post","link":"https:\/\/velarspfuneraria.com.br\/blog\/traslado-funerario-aereo\/","title":{"rendered":"Traslado funer\u00e1rio a\u00e9reo: entenda como funciona e diferen\u00e7as para o terrestre"},"content":{"rendered":"\n<p>Perder algu\u00e9m pr\u00f3ximo \u00e9 um dos momentos mais dif\u00edceis da vida. Quando o falecimento ocorre longe do local onde a fam\u00edlia deseja realizar o vel\u00f3rio ou sepultamento, surgem d\u00favidas e decis\u00f5es r\u00e1pidas. Por esse motivo, entender o que \u00e9 o <strong>traslado funer\u00e1rio a\u00e9reo<\/strong> e como ele funciona ajuda a reduzir o estresse e a trazer mais seguran\u00e7a emocional.<\/p>\n\n\n\n<p>Al\u00e9m disso, conhecer a diferen\u00e7a entre transporte a\u00e9reo e terrestre permite que a fam\u00edlia escolha a op\u00e7\u00e3o mais adequada, considerando dist\u00e2ncia, tempo e log\u00edstica. Dessa forma, a despedida acontece de maneira digna e organizada, sem pressa e com apoio completo da equipe profissional.<\/p>\n\n\n\n<h2 class=\"wp-block-heading\">O que \u00e9 traslado funer\u00e1rio a\u00e9reo<\/h2>\n\n\n\n<p>O <strong>traslado funer\u00e1rio a\u00e9reo<\/strong> consiste no transporte do corpo por companhias especializadas, indicado principalmente quando a dist\u00e2ncia \u00e9 grande ou quando h\u00e1 urg\u00eancia no deslocamento. Nesse contexto, ele garante que o corpo chegue ao destino com respeito e dentro das normas legais.<\/p>\n\n\n\n<p>A funer\u00e1ria organiza toda a documenta\u00e7\u00e3o necess\u00e1ria e prepara o corpo seguindo padr\u00f5es sanit\u00e1rios rigorosos. Assim, o transporte ocorre de maneira segura, sem que a fam\u00edlia precise se preocupar com detalhes burocr\u00e1ticos.<\/p>\n\n\n\n<h2 class=\"wp-block-heading\">Diferen\u00e7a entre traslado a\u00e9reo e terrestre<\/h2>\n\n\n\n<p>Enquanto o traslado a\u00e9reo atende trajetos longos, o <strong>traslado funer\u00e1rio terrestre<\/strong> serve para trajetos menores, geralmente entre cidades pr\u00f3ximas ou dentro do mesmo estado. A funer\u00e1ria transporta o corpo em ve\u00edculos apropriados, garantindo seguran\u00e7a, preserva\u00e7\u00e3o e respeito durante todo o percurso.<\/p>\n\n\n\n<p>Portanto, a principal diferen\u00e7a entre as duas modalidades est\u00e1 na dist\u00e2ncia, no tempo e na log\u00edstica necess\u00e1ria. O a\u00e9reo atende situa\u00e7\u00f5es de urg\u00eancia ou longas dist\u00e2ncias, enquanto o terrestre oferece deslocamento direto e eficiente.<\/p>\n\n\n\n<h2 class=\"wp-block-heading\">Como funciona o traslado funer\u00e1rio<\/h2>\n\n\n\n<p>O processo de traslado funer\u00e1rio, seja a\u00e9reo ou terrestre, \u00e9 cuidadosamente planejado para que a fam\u00edlia tenha suporte completo. As etapas incluem:<\/p>\n\n\n\n<p><strong>Libera\u00e7\u00e3o do corpo:<\/strong> a fam\u00edlia libera o corpo junto \u00e0s autoridades competentes, com apoio da funer\u00e1ria.<\/p>\n\n\n\n<p><strong>Documenta\u00e7\u00e3o:<\/strong> a equipe organiza toda a papelada exigida pelo tipo de transporte.<\/p>\n\n\n\n<p><strong>Preparo do corpo:<\/strong> a funer\u00e1ria garante que o corpo esteja pronto conforme as normas.<\/p>\n\n\n\n<p><strong>Transporte:<\/strong> a equipe acompanha o corpo at\u00e9 o destino, garantindo seguran\u00e7a e respeito.<\/p>\n\n\n\n<ol class=\"wp-block-list\"><\/ol>\n\n\n\n<p><a href=\"https:\/\/crematorio24horas.com.br\/\" type=\"link\" id=\"https:\/\/crematorio24horas.com.br\/\">Dessa forma, a fam\u00edlia consegue se concentrar na despedida, sem preocupa\u00e7\u00f5es com log\u00edstica ou burocracia.<\/a><\/p>\n\n\n\n<h2 class=\"wp-block-heading\">Fatores que influenciam os custos do traslado<\/h2>\n\n\n\n<p>O valor do traslado funer\u00e1rio n\u00e3o depende apenas da dist\u00e2ncia. Primeiramente, a modalidade escolhida, a\u00e9rea ou terrestre, impacta diretamente no planejamento. <a href=\"https:\/\/velarspfuneraria.com.br\/blog\/funeraria-vila-alpina-zona-leste-sp\/\" type=\"link\" id=\"https:\/\/velarspfuneraria.com.br\/blog\/funeraria-vila-alpina-zona-leste-sp\/\">Al\u00e9m disso, documenta\u00e7\u00e3o, preparo do corpo, tipo de transporte e exig\u00eancias legais tamb\u00e9m influenciam o custo do servi\u00e7o.<\/a><\/p>\n\n\n\n<p>No entanto, compreender esses fatores ajuda a fam\u00edlia a tomar decis\u00f5es conscientes e organizar o processo com seguran\u00e7a. O objetivo \u00e9 sempre garantir um servi\u00e7o respeitoso, acolhedor e transparente, sem surpresas.<\/p>\n\n\n\n<h2 class=\"wp-block-heading\">Como decidir entre traslado a\u00e9reo e terrestre<\/h2>\n\n\n\n<p>Escolher o tipo de traslado envolve analisar dist\u00e2ncia, tempo dispon\u00edvel e log\u00edstica do deslocamento. Al\u00e9m disso, considerar o conforto da fam\u00edlia e a preserva\u00e7\u00e3o do corpo \u00e9 essencial.<\/p>\n\n\n\n<p>Assim, decis\u00f5es bem informadas tornam o processo mais leve e menos angustiante, permitindo que a fam\u00edlia se concentre na despedida com serenidade.<\/p>\n\n\n\n<h2 class=\"wp-block-heading\"><strong>Perguntas comuns sobre transporte funer\u00e1rio<\/strong><\/h2>\n\n\n\n<p><strong>O traslado a\u00e9reo \u00e9 mais r\u00e1pido que o terrestre?<\/strong><br>Sim. Ele \u00e9 indicado para trajetos longos ou quando h\u00e1 urg\u00eancia para o vel\u00f3rio ou sepultamento.<\/p>\n\n\n\n<p><strong>O corpo precisa de algum preparo especial?<\/strong><br>Sim. A funer\u00e1ria prepara o corpo de acordo com normas sanit\u00e1rias, tanto para transporte a\u00e9reo quanto terrestre.<\/p>\n\n\n\n<p><strong>Posso escolher qualquer destino?<\/strong><br>Sim, desde que todas as documenta\u00e7\u00f5es e exig\u00eancias legais sejam cumpridas.<\/p>\n\n\n\n<p><strong>Quem acompanha o transporte?<\/strong><br>A equipe da funer\u00e1ria garante acompanhamento profissional durante todo o percurso, oferecendo suporte \u00e0 fam\u00edlia.<\/p>\n\n\n\n<p>O <strong>traslado funer\u00e1rio a\u00e9reo<\/strong> garante rapidez, organiza\u00e7\u00e3o e respeito quando o falecimento ocorre longe do local do vel\u00f3rio ou sepultamento. <strong>Enquanto isso<\/strong>, o transporte terrestre atende trajetos menores de forma direta e segura.<\/p>\n\n\n\n<p>Entender cada modalidade ajuda a fam\u00edlia a tomar decis\u00f5es mais conscientes e a se sentir mais tranquila nesse momento delicado. Contar com a orienta\u00e7\u00e3o de uma funer\u00e1ria especializada permite que a despedida aconte\u00e7a de maneira acolhedora, respeitosa e organizada.<\/p>\n\n\n\n<p>Se voc\u00ea precisa de orienta\u00e7\u00e3o, or\u00e7amento ou atendimento humanizado, entre em contato conosco pela nossa Central de Atendimento ou fale pelo <strong>WhatsApp<\/strong>. Estamos prontos para ajudar com cuidado e transpar\u00eancia.<\/p>\n\n\n\n\n\t\t<style>\n\t\t\t@media(max-width:767px){\n\t\t\t\t.container-btns-post > * {\n\t\t\t\t\tmargin: 0 auto\n\t\t\t\t}\n\t\t\t}\n\t\t<\/style>\n\t\t<div class='container-btns-post' style='display: flex; gap: 15px; align-items: center; flex-wrap: wrap'>\n\t\t\t<a class='phone-number' href='tel:01131630912'>11 3163-0912<\/a><a class='whatsapp-number' target='_blank' href='https:\/\/wa.me\/551131630123?text=Estou%20no%20site%20Velar%20SP%20Funer%C3%A1ria%20e%20gostaria%20de%20mais%20informa%C3%A7%C3%B5es.%5Cn%5Cn%2A%5BAtendimento%20%230912-POST%5D%2A'>11 3163-0123<\/a>\n\t\t<\/div>\n\n\n\n<p><\/p>\n","protected":false},"excerpt":{"rendered":"<p>Perder algu\u00e9m pr\u00f3ximo \u00e9 um dos momentos mais dif\u00edceis da vida. Quando o falecimento ocorre longe do local onde a fam\u00edlia deseja realizar o vel\u00f3rio ou sepultamento, surgem d\u00favidas e decis\u00f5es r\u00e1pidas. Por esse motivo, entender o que \u00e9 o traslado funer\u00e1rio a\u00e9reo e como ele funciona ajuda a reduzir o estresse e a trazer [&hellip;]<\/p>\n","protected":false},"author":2,"featured_media":293,"comment_status":"open","ping_status":"open","sticky":false,"template":"","format":"standard","meta":{"footnotes":""},"categories":[1],"tags":[],"class_list":["post-290","post","type-post","status-publish","format-standard","has-post-thumbnail","hentry","category-sem-categoria"],"yoast_head":"<!-- This site is optimized with the Yoast SEO plugin v26.8 - https:\/\/yoast.com\/product\/yoast-seo-wordpress\/ -->\n<title>Traslado funer\u00e1rio a\u00e9reo: como funciona e diferen\u00e7as<\/title>\n<meta name=\"description\" content=\"Saiba o que \u00e9 traslado funer\u00e1rio a\u00e9reo, quando us\u00e1-lo e como o transporte terrestre garante seguran\u00e7a e apoio \u00e0 fam\u00edlia.\" \/>\n<meta name=\"robots\" content=\"noindex, follow, max-snippet:-1, max-image-preview:large, max-video-preview:-1\" \/>\n<meta property=\"og:locale\" content=\"pt_BR\" \/>\n<meta property=\"og:type\" content=\"article\" \/>\n<meta property=\"og:title\" content=\"Traslado funer\u00e1rio a\u00e9reo: como funciona e diferen\u00e7as\" \/>\n<meta property=\"og:description\" content=\"Saiba o que \u00e9 traslado funer\u00e1rio a\u00e9reo, quando us\u00e1-lo e como o transporte terrestre garante seguran\u00e7a e apoio \u00e0 fam\u00edlia.\" \/>\n<meta property=\"og:url\" content=\"https:\/\/velarspfuneraria.com.br\/blog\/traslado-funerario-aereo\/\" \/>\n<meta property=\"og:site_name\" content=\"Velar SP Funer\u00e1ria\" \/>\n<meta property=\"article:published_time\" content=\"2026-02-05T18:56:58+00:00\" \/>\n<meta property=\"article:modified_time\" content=\"2026-02-05T19:03:15+00:00\" \/>\n<meta property=\"og:image\" content=\"https:\/\/velarspfuneraria.com.br\/blog\/wp-content\/uploads\/2026\/02\/men-carrying-casket-outside-funeral-service-style-emotional-sensitivity-scaled.jpg\" \/>\n\t<meta property=\"og:image:width\" content=\"2560\" \/>\n\t<meta property=\"og:image:height\" content=\"1780\" \/>\n\t<meta property=\"og:image:type\" content=\"image\/jpeg\" \/>\n<meta name=\"author\" content=\"Rafaela\" \/>\n<meta name=\"twitter:card\" content=\"summary_large_image\" \/>\n<meta name=\"twitter:label1\" content=\"Escrito por\" \/>\n\t<meta name=\"twitter:data1\" content=\"Rafaela\" \/>\n\t<meta name=\"twitter:label2\" content=\"Est. tempo de leitura\" \/>\n\t<meta name=\"twitter:data2\" content=\"4 minutos\" \/>\n<script type=\"application\/ld+json\" class=\"yoast-schema-graph\">{\"@context\":\"https:\/\/schema.org\",\"@graph\":[{\"@type\":\"Article\",\"@id\":\"https:\/\/velarspfuneraria.com.br\/blog\/traslado-funerario-aereo\/#article\",\"isPartOf\":{\"@id\":\"https:\/\/velarspfuneraria.com.br\/blog\/traslado-funerario-aereo\/\"},\"author\":{\"name\":\"Rafaela\",\"@id\":\"https:\/\/velarspfuneraria.com.br\/blog\/#\/schema\/person\/8d2def147a66049df56b513bf35778fe\"},\"headline\":\"Traslado funer\u00e1rio a\u00e9reo: entenda como funciona e diferen\u00e7as para o terrestre\",\"datePublished\":\"2026-02-05T18:56:58+00:00\",\"dateModified\":\"2026-02-05T19:03:15+00:00\",\"mainEntityOfPage\":{\"@id\":\"https:\/\/velarspfuneraria.com.br\/blog\/traslado-funerario-aereo\/\"},\"wordCount\":795,\"commentCount\":0,\"image\":{\"@id\":\"https:\/\/velarspfuneraria.com.br\/blog\/traslado-funerario-aereo\/#primaryimage\"},\"thumbnailUrl\":\"https:\/\/velarspfuneraria.com.br\/blog\/wp-content\/uploads\/2026\/02\/men-carrying-casket-outside-funeral-service-style-emotional-sensitivity-scaled.jpg\",\"inLanguage\":\"pt-BR\",\"potentialAction\":[{\"@type\":\"CommentAction\",\"name\":\"Comment\",\"target\":[\"https:\/\/velarspfuneraria.com.br\/blog\/traslado-funerario-aereo\/#respond\"]}]},{\"@type\":\"WebPage\",\"@id\":\"https:\/\/velarspfuneraria.com.br\/blog\/traslado-funerario-aereo\/\",\"url\":\"https:\/\/velarspfuneraria.com.br\/blog\/traslado-funerario-aereo\/\",\"name\":\"Traslado funer\u00e1rio a\u00e9reo: como funciona e diferen\u00e7as\",\"isPartOf\":{\"@id\":\"https:\/\/velarspfuneraria.com.br\/blog\/#website\"},\"primaryImageOfPage\":{\"@id\":\"https:\/\/velarspfuneraria.com.br\/blog\/traslado-funerario-aereo\/#primaryimage\"},\"image\":{\"@id\":\"https:\/\/velarspfuneraria.com.br\/blog\/traslado-funerario-aereo\/#primaryimage\"},\"thumbnailUrl\":\"https:\/\/velarspfuneraria.com.br\/blog\/wp-content\/uploads\/2026\/02\/men-carrying-casket-outside-funeral-service-style-emotional-sensitivity-scaled.jpg\",\"datePublished\":\"2026-02-05T18:56:58+00:00\",\"dateModified\":\"2026-02-05T19:03:15+00:00\",\"author\":{\"@id\":\"https:\/\/velarspfuneraria.com.br\/blog\/#\/schema\/person\/8d2def147a66049df56b513bf35778fe\"},\"description\":\"Saiba o que \u00e9 traslado funer\u00e1rio a\u00e9reo, quando us\u00e1-lo e como o transporte terrestre garante seguran\u00e7a e apoio \u00e0 fam\u00edlia.\",\"breadcrumb\":{\"@id\":\"https:\/\/velarspfuneraria.com.br\/blog\/traslado-funerario-aereo\/#breadcrumb\"},\"inLanguage\":\"pt-BR\",\"potentialAction\":[{\"@type\":\"ReadAction\",\"target\":[\"https:\/\/velarspfuneraria.com.br\/blog\/traslado-funerario-aereo\/\"]}]},{\"@type\":\"ImageObject\",\"inLanguage\":\"pt-BR\",\"@id\":\"https:\/\/velarspfuneraria.com.br\/blog\/traslado-funerario-aereo\/#primaryimage\",\"url\":\"https:\/\/velarspfuneraria.com.br\/blog\/wp-content\/uploads\/2026\/02\/men-carrying-casket-outside-funeral-service-style-emotional-sensitivity-scaled.jpg\",\"contentUrl\":\"https:\/\/velarspfuneraria.com.br\/blog\/wp-content\/uploads\/2026\/02\/men-carrying-casket-outside-funeral-service-style-emotional-sensitivity-scaled.jpg\",\"width\":2560,\"height\":1780,\"caption\":\"Traslado funer\u00e1rio a\u00e9reo: como funciona e diferen\u00e7as\"},{\"@type\":\"BreadcrumbList\",\"@id\":\"https:\/\/velarspfuneraria.com.br\/blog\/traslado-funerario-aereo\/#breadcrumb\",\"itemListElement\":[{\"@type\":\"ListItem\",\"position\":1,\"name\":\"In\u00edcio\",\"item\":\"https:\/\/velarspfuneraria.com.br\/blog\/\"},{\"@type\":\"ListItem\",\"position\":2,\"name\":\"Traslado funer\u00e1rio a\u00e9reo: entenda como funciona e diferen\u00e7as para o terrestre\"}]},{\"@type\":\"WebSite\",\"@id\":\"https:\/\/velarspfuneraria.com.br\/blog\/#website\",\"url\":\"https:\/\/velarspfuneraria.com.br\/blog\/\",\"name\":\"Velar SP Funer\u00e1ria\",\"description\":\"\",\"potentialAction\":[{\"@type\":\"SearchAction\",\"target\":{\"@type\":\"EntryPoint\",\"urlTemplate\":\"https:\/\/velarspfuneraria.com.br\/blog\/?s={search_term_string}\"},\"query-input\":{\"@type\":\"PropertyValueSpecification\",\"valueRequired\":true,\"valueName\":\"search_term_string\"}}],\"inLanguage\":\"pt-BR\"},{\"@type\":\"Person\",\"@id\":\"https:\/\/velarspfuneraria.com.br\/blog\/#\/schema\/person\/8d2def147a66049df56b513bf35778fe\",\"name\":\"Rafaela\",\"image\":{\"@type\":\"ImageObject\",\"inLanguage\":\"pt-BR\",\"@id\":\"https:\/\/velarspfuneraria.com.br\/blog\/#\/schema\/person\/image\/\",\"url\":\"https:\/\/secure.gravatar.com\/avatar\/6d499a9a62f923ea2760188b4d3f0f14096efaba0b988cadddc1a7eb4725d31f?s=96&d=mm&r=g\",\"contentUrl\":\"https:\/\/secure.gravatar.com\/avatar\/6d499a9a62f923ea2760188b4d3f0f14096efaba0b988cadddc1a7eb4725d31f?s=96&d=mm&r=g\",\"caption\":\"Rafaela\"},\"url\":\"https:\/\/velarspfuneraria.com.br\/blog\/author\/rafaela\/\"}]}<\/script>\n<!-- \/ Yoast SEO plugin. -->","yoast_head_json":{"title":"Traslado funer\u00e1rio a\u00e9reo: como funciona e diferen\u00e7as","description":"Saiba o que \u00e9 traslado funer\u00e1rio a\u00e9reo, quando us\u00e1-lo e como o transporte terrestre garante seguran\u00e7a e apoio \u00e0 fam\u00edlia.","robots":{"index":"noindex","follow":"follow","max-snippet":"max-snippet:-1","max-image-preview":"max-image-preview:large","max-video-preview":"max-video-preview:-1"},"og_locale":"pt_BR","og_type":"article","og_title":"Traslado funer\u00e1rio a\u00e9reo: como funciona e diferen\u00e7as","og_description":"Saiba o que \u00e9 traslado funer\u00e1rio a\u00e9reo, quando us\u00e1-lo e como o transporte terrestre garante seguran\u00e7a e apoio \u00e0 fam\u00edlia.","og_url":"https:\/\/velarspfuneraria.com.br\/blog\/traslado-funerario-aereo\/","og_site_name":"Velar SP Funer\u00e1ria","article_published_time":"2026-02-05T18:56:58+00:00","article_modified_time":"2026-02-05T19:03:15+00:00","og_image":[{"width":2560,"height":1780,"url":"https:\/\/velarspfuneraria.com.br\/blog\/wp-content\/uploads\/2026\/02\/men-carrying-casket-outside-funeral-service-style-emotional-sensitivity-scaled.jpg","type":"image\/jpeg"}],"author":"Rafaela","twitter_card":"summary_large_image","twitter_misc":{"Escrito por":"Rafaela","Est. tempo de leitura":"4 minutos"},"schema":{"@context":"https:\/\/schema.org","@graph":[{"@type":"Article","@id":"https:\/\/velarspfuneraria.com.br\/blog\/traslado-funerario-aereo\/#article","isPartOf":{"@id":"https:\/\/velarspfuneraria.com.br\/blog\/traslado-funerario-aereo\/"},"author":{"name":"Rafaela","@id":"https:\/\/velarspfuneraria.com.br\/blog\/#\/schema\/person\/8d2def147a66049df56b513bf35778fe"},"headline":"Traslado funer\u00e1rio a\u00e9reo: entenda como funciona e diferen\u00e7as para o terrestre","datePublished":"2026-02-05T18:56:58+00:00","dateModified":"2026-02-05T19:03:15+00:00","mainEntityOfPage":{"@id":"https:\/\/velarspfuneraria.com.br\/blog\/traslado-funerario-aereo\/"},"wordCount":795,"commentCount":0,"image":{"@id":"https:\/\/velarspfuneraria.com.br\/blog\/traslado-funerario-aereo\/#primaryimage"},"thumbnailUrl":"https:\/\/velarspfuneraria.com.br\/blog\/wp-content\/uploads\/2026\/02\/men-carrying-casket-outside-funeral-service-style-emotional-sensitivity-scaled.jpg","inLanguage":"pt-BR","potentialAction":[{"@type":"CommentAction","name":"Comment","target":["https:\/\/velarspfuneraria.com.br\/blog\/traslado-funerario-aereo\/#respond"]}]},{"@type":"WebPage","@id":"https:\/\/velarspfuneraria.com.br\/blog\/traslado-funerario-aereo\/","url":"https:\/\/velarspfuneraria.com.br\/blog\/traslado-funerario-aereo\/","name":"Traslado funer\u00e1rio a\u00e9reo: como funciona e diferen\u00e7as","isPartOf":{"@id":"https:\/\/velarspfuneraria.com.br\/blog\/#website"},"primaryImageOfPage":{"@id":"https:\/\/velarspfuneraria.com.br\/blog\/traslado-funerario-aereo\/#primaryimage"},"image":{"@id":"https:\/\/velarspfuneraria.com.br\/blog\/traslado-funerario-aereo\/#primaryimage"},"thumbnailUrl":"https:\/\/velarspfuneraria.com.br\/blog\/wp-content\/uploads\/2026\/02\/men-carrying-casket-outside-funeral-service-style-emotional-sensitivity-scaled.jpg","datePublished":"2026-02-05T18:56:58+00:00","dateModified":"2026-02-05T19:03:15+00:00","author":{"@id":"https:\/\/velarspfuneraria.com.br\/blog\/#\/schema\/person\/8d2def147a66049df56b513bf35778fe"},"description":"Saiba o que \u00e9 traslado funer\u00e1rio a\u00e9reo, quando us\u00e1-lo e como o transporte terrestre garante seguran\u00e7a e apoio \u00e0 fam\u00edlia.","breadcrumb":{"@id":"https:\/\/velarspfuneraria.com.br\/blog\/traslado-funerario-aereo\/#breadcrumb"},"inLanguage":"pt-BR","potentialAction":[{"@type":"ReadAction","target":["https:\/\/velarspfuneraria.com.br\/blog\/traslado-funerario-aereo\/"]}]},{"@type":"ImageObject","inLanguage":"pt-BR","@id":"https:\/\/velarspfuneraria.com.br\/blog\/traslado-funerario-aereo\/#primaryimage","url":"https:\/\/velarspfuneraria.com.br\/blog\/wp-content\/uploads\/2026\/02\/men-carrying-casket-outside-funeral-service-style-emotional-sensitivity-scaled.jpg","contentUrl":"https:\/\/velarspfuneraria.com.br\/blog\/wp-content\/uploads\/2026\/02\/men-carrying-casket-outside-funeral-service-style-emotional-sensitivity-scaled.jpg","width":2560,"height":1780,"caption":"Traslado funer\u00e1rio a\u00e9reo: como funciona e diferen\u00e7as"},{"@type":"BreadcrumbList","@id":"https:\/\/velarspfuneraria.com.br\/blog\/traslado-funerario-aereo\/#breadcrumb","itemListElement":[{"@type":"ListItem","position":1,"name":"In\u00edcio","item":"https:\/\/velarspfuneraria.com.br\/blog\/"},{"@type":"ListItem","position":2,"name":"Traslado funer\u00e1rio a\u00e9reo: entenda como funciona e diferen\u00e7as para o terrestre"}]},{"@type":"WebSite","@id":"https:\/\/velarspfuneraria.com.br\/blog\/#website","url":"https:\/\/velarspfuneraria.com.br\/blog\/","name":"Velar SP Funer\u00e1ria","description":"","potentialAction":[{"@type":"SearchAction","target":{"@type":"EntryPoint","urlTemplate":"https:\/\/velarspfuneraria.com.br\/blog\/?s={search_term_string}"},"query-input":{"@type":"PropertyValueSpecification","valueRequired":true,"valueName":"search_term_string"}}],"inLanguage":"pt-BR"},{"@type":"Person","@id":"https:\/\/velarspfuneraria.com.br\/blog\/#\/schema\/person\/8d2def147a66049df56b513bf35778fe","name":"Rafaela","image":{"@type":"ImageObject","inLanguage":"pt-BR","@id":"https:\/\/velarspfuneraria.com.br\/blog\/#\/schema\/person\/image\/","url":"https:\/\/secure.gravatar.com\/avatar\/6d499a9a62f923ea2760188b4d3f0f14096efaba0b988cadddc1a7eb4725d31f?s=96&d=mm&r=g","contentUrl":"https:\/\/secure.gravatar.com\/avatar\/6d499a9a62f923ea2760188b4d3f0f14096efaba0b988cadddc1a7eb4725d31f?s=96&d=mm&r=g","caption":"Rafaela"},"url":"https:\/\/velarspfuneraria.com.br\/blog\/author\/rafaela\/"}]}},"_links":{"self":[{"href":"https:\/\/velarspfuneraria.com.br\/blog\/wp-json\/wp\/v2\/posts\/290","targetHints":{"allow":["GET"]}}],"collection":[{"href":"https:\/\/velarspfuneraria.com.br\/blog\/wp-json\/wp\/v2\/posts"}],"about":[{"href":"https:\/\/velarspfuneraria.com.br\/blog\/wp-json\/wp\/v2\/types\/post"}],"author":[{"embeddable":true,"href":"https:\/\/velarspfuneraria.com.br\/blog\/wp-json\/wp\/v2\/users\/2"}],"replies":[{"embeddable":true,"href":"https:\/\/velarspfuneraria.com.br\/blog\/wp-json\/wp\/v2\/comments?post=290"}],"version-history":[{"count":3,"href":"https:\/\/velarspfuneraria.com.br\/blog\/wp-json\/wp\/v2\/posts\/290\/revisions"}],"predecessor-version":[{"id":295,"href":"https:\/\/velarspfuneraria.com.br\/blog\/wp-json\/wp\/v2\/posts\/290\/revisions\/295"}],"wp:featuredmedia":[{"embeddable":true,"href":"https:\/\/velarspfuneraria.com.br\/blog\/wp-json\/wp\/v2\/media\/293"}],"wp:attachment":[{"href":"https:\/\/velarspfuneraria.com.br\/blog\/wp-json\/wp\/v2\/media?parent=290"}],"wp:term":[{"taxonomy":"category","embeddable":true,"href":"https:\/\/velarspfuneraria.com.br\/blog\/wp-json\/wp\/v2\/categories?post=290"},{"taxonomy":"post_tag","embeddable":true,"href":"https:\/\/velarspfuneraria.com.br\/blog\/wp-json\/wp\/v2\/tags?post=290"}],"curies":[{"name":"wp","href":"https:\/\/api.w.org\/{rel}","templated":true}]}}