{"id":302,"date":"2026-02-06T10:37:30","date_gmt":"2026-02-06T13:37:30","guid":{"rendered":"https:\/\/velarspfuneraria.com.br\/blog\/?p=302"},"modified":"2026-02-27T17:11:30","modified_gmt":"2026-02-27T20:11:30","slug":"documentos-para-sepultamento","status":"publish","type":"post","link":"https:\/\/velarspfuneraria.com.br\/blog\/documentos-para-sepultamento\/","title":{"rendered":"Documentos para sepultamento: guia completo para fam\u00edlias em luto"},"content":{"rendered":"\n<p>Perder algu\u00e9m \u00e9 um dos momentos mais dif\u00edceis da vida. Com isso, lidar com a dor, a saudade e as mudan\u00e7as que a aus\u00eancia traz j\u00e1 \u00e9, por si s\u00f3, um grande desafio. Ainda assim, muitas fam\u00edlias se veem diante de quest\u00f5es burocr\u00e1ticas que precisam ser resolvidas rapidamente, mesmo em meio ao luto. Entre essas tarefas, reunir os <strong>documentos para sepultamento<\/strong> costuma gerar d\u00favidas, inseguran\u00e7a e at\u00e9 medo de errar.<\/p>\n\n\n\n<p>Nesse cen\u00e1rio, ter informa\u00e7\u00f5es claras faz toda a diferen\u00e7a. Por isso, compreender quais documentos s\u00e3o necess\u00e1rios, como organiz\u00e1-los e a quem recorrer ajuda a reduzir a sobrecarga emocional. Dessa forma, a fam\u00edlia consegue atravessar esse momento com mais tranquilidade e menos preocupa\u00e7\u00f5es pr\u00e1ticas.<\/p>\n\n\n\n<p>Al\u00e9m de agilizar os procedimentos legais, manter a documenta\u00e7\u00e3o organizada contribui para que o sepultamento ocorra com respeito, dignidade e cuidado. Assim, \u00e9 poss\u00edvel dedicar mais aten\u00e7\u00e3o ao que realmente importa: a despedida, as homenagens e o acolhimento entre familiares e amigos.<\/p>\n\n\n\n<p>Neste guia, explicamos de maneira simples e acolhedora quais s\u00e3o os <strong>documentos para sepultamento<\/strong>, como obt\u00ea-los e como uma funer\u00e1ria pode oferecer apoio humano e orienta\u00e7\u00e3o em cada etapa desse processo delicado.<\/p>\n\n\n\n<h2 class=\"wp-block-heading\">Por que os documentos para sepultamento s\u00e3o importantes<\/h2>\n\n\n\n<p>O <a href=\"https:\/\/velarspfuneraria.com.br\/blog\/cremacao-ou-sepultamento-qual-o-mais-barato\/\" type=\"link\" id=\"https:\/\/velarspfuneraria.com.br\/blog\/cremacao-ou-sepultamento-qual-o-mais-barato\/\">sepultamento ou a crema\u00e7\u00e3o<\/a> envolve etapas legais e administrativas que exigem informa\u00e7\u00f5es precisas. Cemit\u00e9rios e cart\u00f3rios dependem desses dados para registrar oficialmente o falecimento.<\/p>\n\n\n\n<p>Sem os documentos para sepultamento corretos, o processo pode atrasar ou at\u00e9 ser impedido, aumentando o estresse da fam\u00edlia. Dessa forma, ter tudo organizado ajuda a tornar o procedimento mais \u00e1gil e proporciona seguran\u00e7a nesse momento delicado.<\/p>\n\n\n\n<p>Al\u00e9m disso, estar preparado evita que os familiares precisem lidar com surpresas durante o luto, permitindo que concentrem aten\u00e7\u00e3o no cuidado emocional e na homenagem ao ente querido.<\/p>\n\n\n\n<h2 class=\"wp-block-heading\">Documentos para sepultamento: principais itens necess\u00e1rios<\/h2>\n\n\n\n<p>Os documentos podem variar conforme o local do falecimento e o tipo de sepultamento, mas os mais comuns incluem:<\/p>\n\n\n\n<ul class=\"wp-block-list\">\n<li><strong>Certid\u00e3o de \u00f3bito:<\/strong> emitida pelo m\u00e9dico ou servi\u00e7o de sa\u00fade, registra oficialmente a morte. O cemit\u00e9rio exige este documento para realizar o sepultamento.<\/li>\n\n\n\n<li><strong>Documento de identidade do falecido (RG ou CNH):<\/strong> confirma a identidade e evita confus\u00f5es.<\/li>\n\n\n\n<li><strong>CPF do falecido:<\/strong> necess\u00e1rio em alguns cemit\u00e9rios para registros internos ou planos funer\u00e1rios.<\/li>\n\n\n\n<li><strong>Comprovante de resid\u00eancia:<\/strong> ajuda a identificar a fam\u00edlia respons\u00e1vel e define o cemit\u00e9rio correto conforme a regi\u00e3o.<\/li>\n\n\n\n<li><strong>Documentos dos familiares respons\u00e1veis (RG, CPF e certid\u00e3o de parentesco):<\/strong> garante que apenas pessoas autorizadas tomem decis\u00f5es sobre o sepultamento.<\/li>\n\n\n\n<li><strong>Autoriza\u00e7\u00e3o para crema\u00e7\u00e3o (quando aplic\u00e1vel):<\/strong> exigida em algumas regi\u00f5es, deve ser assinada pelos familiares pr\u00f3ximos ou respons\u00e1veis legais.<\/li>\n<\/ul>\n\n\n\n<p>Portanto<strong>,<\/strong> ter todos esses documentos organizados facilita a realiza\u00e7\u00e3o do sepultamento e evita imprevistos.<\/p>\n\n\n\n<h2 class=\"wp-block-heading\">Como organizar os documentos de forma pr\u00e1tica<\/h2>\n\n\n\n<ul class=\"wp-block-list\">\n<li><strong>Crie uma pasta dedicada:<\/strong> guarde todos os documentos do ente querido em um local seguro, f\u00edsico ou digital, evitando perdas e confus\u00f5es.<\/li>\n\n\n\n<li><strong>Cheque as informa\u00e7\u00f5es:<\/strong> revise os dados da certid\u00e3o de \u00f3bito e documentos de identidade. Pequenos erros podem atrasar o processo.<\/li>\n\n\n\n<li><strong>Planejamento antecipado:<\/strong> fam\u00edlias com <strong>plano funer\u00e1rio<\/strong> j\u00e1 t\u00eam os documentos listados e podem contar com apoio na obten\u00e7\u00e3o de certid\u00f5es, autoriza\u00e7\u00f5es e reservas no cemit\u00e9rio.<\/li>\n\n\n\n<li><strong>Pe\u00e7a orienta\u00e7\u00e3o \u00e0 funer\u00e1ria ou cemit\u00e9rio:<\/strong> cada institui\u00e7\u00e3o pode ter exig\u00eancias espec\u00edficas. Consultar antes evita atrasos e garante que tudo ocorra de forma organizada.<\/li>\n<\/ul>\n\n\n\n<p>Ao cuidar desses detalhes com anteced\u00eancia, a fam\u00edlia encontra mais serenidade para se despedir.<\/p>\n\n\n\n<h2 class=\"wp-block-heading\">Funer\u00e1ria e documentos para sepultamento: como ela pode ajudar<\/h2>\n\n\n\n<p>Uma funer\u00e1ria de confian\u00e7a vai al\u00e9m do transporte, caix\u00f5es e vel\u00f3rios. Ela orienta a fam\u00edlia sobre os <strong>documentos para sepultamento<\/strong>, explica os prazos, organiza servi\u00e7os e oferece apoio emocional.<\/p>\n\n\n\n<p>Reunir os documentos para sepultamento exige aten\u00e7\u00e3o, mas com a orienta\u00e7\u00e3o adequada, voc\u00ea consegue tornar o processo mais organizado e tranquilo. Ter toda a documenta\u00e7\u00e3o em m\u00e3os n\u00e3o apenas agiliza o sepultamento, como tamb\u00e9m garante que tudo aconte\u00e7a com respeito, dignidade e seguran\u00e7a.<\/p>\n\n\n\n<p>Neste momento delicado, voc\u00ea n\u00e3o precisa passar por tudo sozinho. Al\u00e9m disso, contar com uma funer\u00e1ria de confian\u00e7a ajuda a reduzir preocupa\u00e7\u00f5es e, dessa forma<strong>,<\/strong> permite que sua fam\u00edlia se concentre em prestar homenagens com carinho e dignidade<\/p>\n\n\n\n<p>Se voc\u00ea precisa de orienta\u00e7\u00e3o, or\u00e7amento ou atendimento humanizado, entre em contato conosco pela nossa <a href=\"https:\/\/funerariadocampobelo.com.br\/\" type=\"link\" id=\"https:\/\/funerariadocampobelo.com.br\/\">Central de Atendimento<\/a> ou fale pelo WhatsApp. Estamos prontos para ajudar com cuidado e transpar\u00eancia.<\/p>\n\n\n\n\n\t\t<style>\n\t\t\t@media(max-width:767px){\n\t\t\t\t.container-btns-post > * {\n\t\t\t\t\tmargin: 0 auto\n\t\t\t\t}\n\t\t\t}\n\t\t<\/style>\n\t\t<div class='container-btns-post' style='display: flex; gap: 15px; align-items: center; flex-wrap: wrap'>\n\t\t\t<a class='phone-number' href='tel:01131630912'>11 3163-0912<\/a><a class='whatsapp-number' target='_blank' href='https:\/\/wa.me\/551131630123?text=Estou%20no%20site%20Velar%20SP%20Funer%C3%A1ria%20e%20gostaria%20de%20mais%20informa%C3%A7%C3%B5es.%5Cn%5Cn%2A%5BAtendimento%20%230912-POST%5D%2A'>11 3163-0123<\/a>\n\t\t<\/div>\n\n\n\n<p><br><br><\/p>\n\n\n\n<p><\/p>\n","protected":false},"excerpt":{"rendered":"<p>Perder algu\u00e9m \u00e9 um dos momentos mais dif\u00edceis da vida. Com isso, lidar com a dor, a saudade e as mudan\u00e7as que a aus\u00eancia traz j\u00e1 \u00e9, por si s\u00f3, um grande desafio. Ainda assim, muitas fam\u00edlias se veem diante de quest\u00f5es burocr\u00e1ticas que precisam ser resolvidas rapidamente, mesmo em meio ao luto. Entre essas [&hellip;]<\/p>\n","protected":false},"author":2,"featured_media":304,"comment_status":"open","ping_status":"open","sticky":false,"template":"","format":"standard","meta":{"footnotes":""},"categories":[1],"tags":[],"class_list":["post-302","post","type-post","status-publish","format-standard","has-post-thumbnail","hentry","category-sem-categoria"],"yoast_head":"<!-- This site is optimized with the Yoast SEO plugin v26.8 - https:\/\/yoast.com\/product\/yoast-seo-wordpress\/ -->\n<title>Documentos para sepultamento: guia pr\u00e1tico para fam\u00edlias<\/title>\n<meta name=\"description\" content=\"Entenda os documentos para sepultamento, como obt\u00ea-los e como uma funer\u00e1ria pode ajudar sua fam\u00edlia com cuidado e seguran\u00e7a.\" \/>\n<meta name=\"robots\" content=\"noindex, follow, max-snippet:-1, max-image-preview:large, max-video-preview:-1\" \/>\n<meta property=\"og:locale\" content=\"pt_BR\" \/>\n<meta property=\"og:type\" content=\"article\" \/>\n<meta property=\"og:title\" content=\"Documentos para sepultamento: guia pr\u00e1tico para fam\u00edlias\" \/>\n<meta property=\"og:description\" content=\"Entenda os documentos para sepultamento, como obt\u00ea-los e como uma funer\u00e1ria pode ajudar sua fam\u00edlia com cuidado e seguran\u00e7a.\" \/>\n<meta property=\"og:url\" content=\"https:\/\/velarspfuneraria.com.br\/blog\/documentos-para-sepultamento\/\" \/>\n<meta property=\"og:site_name\" content=\"Velar SP Funer\u00e1ria\" \/>\n<meta property=\"article:published_time\" content=\"2026-02-06T13:37:30+00:00\" \/>\n<meta property=\"article:modified_time\" content=\"2026-02-27T20:11:30+00:00\" \/>\n<meta property=\"og:image\" content=\"https:\/\/velarspfuneraria.com.br\/blog\/wp-content\/uploads\/2026\/02\/view-delicate-white-roses-with-book-scaled.jpg\" \/>\n\t<meta property=\"og:image:width\" content=\"2560\" \/>\n\t<meta property=\"og:image:height\" content=\"1707\" \/>\n\t<meta property=\"og:image:type\" content=\"image\/jpeg\" \/>\n<meta name=\"author\" content=\"Rafaela\" \/>\n<meta name=\"twitter:card\" content=\"summary_large_image\" \/>\n<meta name=\"twitter:label1\" content=\"Escrito por\" \/>\n\t<meta name=\"twitter:data1\" content=\"Rafaela\" \/>\n\t<meta name=\"twitter:label2\" content=\"Est. tempo de leitura\" \/>\n\t<meta name=\"twitter:data2\" content=\"5 minutos\" \/>\n<script type=\"application\/ld+json\" class=\"yoast-schema-graph\">{\"@context\":\"https:\/\/schema.org\",\"@graph\":[{\"@type\":\"Article\",\"@id\":\"https:\/\/velarspfuneraria.com.br\/blog\/documentos-para-sepultamento\/#article\",\"isPartOf\":{\"@id\":\"https:\/\/velarspfuneraria.com.br\/blog\/documentos-para-sepultamento\/\"},\"author\":{\"name\":\"Rafaela\",\"@id\":\"https:\/\/velarspfuneraria.com.br\/blog\/#\/schema\/person\/8d2def147a66049df56b513bf35778fe\"},\"headline\":\"Documentos para sepultamento: guia completo para fam\u00edlias em luto\",\"datePublished\":\"2026-02-06T13:37:30+00:00\",\"dateModified\":\"2026-02-27T20:11:30+00:00\",\"mainEntityOfPage\":{\"@id\":\"https:\/\/velarspfuneraria.com.br\/blog\/documentos-para-sepultamento\/\"},\"wordCount\":803,\"commentCount\":0,\"image\":{\"@id\":\"https:\/\/velarspfuneraria.com.br\/blog\/documentos-para-sepultamento\/#primaryimage\"},\"thumbnailUrl\":\"https:\/\/velarspfuneraria.com.br\/blog\/wp-content\/uploads\/2026\/02\/view-delicate-white-roses-with-book-scaled.jpg\",\"inLanguage\":\"pt-BR\",\"potentialAction\":[{\"@type\":\"CommentAction\",\"name\":\"Comment\",\"target\":[\"https:\/\/velarspfuneraria.com.br\/blog\/documentos-para-sepultamento\/#respond\"]}]},{\"@type\":\"WebPage\",\"@id\":\"https:\/\/velarspfuneraria.com.br\/blog\/documentos-para-sepultamento\/\",\"url\":\"https:\/\/velarspfuneraria.com.br\/blog\/documentos-para-sepultamento\/\",\"name\":\"Documentos para sepultamento: guia pr\u00e1tico para fam\u00edlias\",\"isPartOf\":{\"@id\":\"https:\/\/velarspfuneraria.com.br\/blog\/#website\"},\"primaryImageOfPage\":{\"@id\":\"https:\/\/velarspfuneraria.com.br\/blog\/documentos-para-sepultamento\/#primaryimage\"},\"image\":{\"@id\":\"https:\/\/velarspfuneraria.com.br\/blog\/documentos-para-sepultamento\/#primaryimage\"},\"thumbnailUrl\":\"https:\/\/velarspfuneraria.com.br\/blog\/wp-content\/uploads\/2026\/02\/view-delicate-white-roses-with-book-scaled.jpg\",\"datePublished\":\"2026-02-06T13:37:30+00:00\",\"dateModified\":\"2026-02-27T20:11:30+00:00\",\"author\":{\"@id\":\"https:\/\/velarspfuneraria.com.br\/blog\/#\/schema\/person\/8d2def147a66049df56b513bf35778fe\"},\"description\":\"Entenda os documentos para sepultamento, como obt\u00ea-los e como uma funer\u00e1ria pode ajudar sua fam\u00edlia com cuidado e seguran\u00e7a.\",\"breadcrumb\":{\"@id\":\"https:\/\/velarspfuneraria.com.br\/blog\/documentos-para-sepultamento\/#breadcrumb\"},\"inLanguage\":\"pt-BR\",\"potentialAction\":[{\"@type\":\"ReadAction\",\"target\":[\"https:\/\/velarspfuneraria.com.br\/blog\/documentos-para-sepultamento\/\"]}]},{\"@type\":\"ImageObject\",\"inLanguage\":\"pt-BR\",\"@id\":\"https:\/\/velarspfuneraria.com.br\/blog\/documentos-para-sepultamento\/#primaryimage\",\"url\":\"https:\/\/velarspfuneraria.com.br\/blog\/wp-content\/uploads\/2026\/02\/view-delicate-white-roses-with-book-scaled.jpg\",\"contentUrl\":\"https:\/\/velarspfuneraria.com.br\/blog\/wp-content\/uploads\/2026\/02\/view-delicate-white-roses-with-book-scaled.jpg\",\"width\":2560,\"height\":1707,\"caption\":\"Documentos para sepultamento: guia pr\u00e1tico para fam\u00edlias\"},{\"@type\":\"BreadcrumbList\",\"@id\":\"https:\/\/velarspfuneraria.com.br\/blog\/documentos-para-sepultamento\/#breadcrumb\",\"itemListElement\":[{\"@type\":\"ListItem\",\"position\":1,\"name\":\"In\u00edcio\",\"item\":\"https:\/\/velarspfuneraria.com.br\/blog\/\"},{\"@type\":\"ListItem\",\"position\":2,\"name\":\"Documentos para sepultamento: guia completo para fam\u00edlias em luto\"}]},{\"@type\":\"WebSite\",\"@id\":\"https:\/\/velarspfuneraria.com.br\/blog\/#website\",\"url\":\"https:\/\/velarspfuneraria.com.br\/blog\/\",\"name\":\"Velar SP Funer\u00e1ria\",\"description\":\"\",\"potentialAction\":[{\"@type\":\"SearchAction\",\"target\":{\"@type\":\"EntryPoint\",\"urlTemplate\":\"https:\/\/velarspfuneraria.com.br\/blog\/?s={search_term_string}\"},\"query-input\":{\"@type\":\"PropertyValueSpecification\",\"valueRequired\":true,\"valueName\":\"search_term_string\"}}],\"inLanguage\":\"pt-BR\"},{\"@type\":\"Person\",\"@id\":\"https:\/\/velarspfuneraria.com.br\/blog\/#\/schema\/person\/8d2def147a66049df56b513bf35778fe\",\"name\":\"Rafaela\",\"image\":{\"@type\":\"ImageObject\",\"inLanguage\":\"pt-BR\",\"@id\":\"https:\/\/velarspfuneraria.com.br\/blog\/#\/schema\/person\/image\/\",\"url\":\"https:\/\/secure.gravatar.com\/avatar\/6d499a9a62f923ea2760188b4d3f0f14096efaba0b988cadddc1a7eb4725d31f?s=96&d=mm&r=g\",\"contentUrl\":\"https:\/\/secure.gravatar.com\/avatar\/6d499a9a62f923ea2760188b4d3f0f14096efaba0b988cadddc1a7eb4725d31f?s=96&d=mm&r=g\",\"caption\":\"Rafaela\"},\"url\":\"https:\/\/velarspfuneraria.com.br\/blog\/author\/rafaela\/\"}]}<\/script>\n<!-- \/ Yoast SEO plugin. -->","yoast_head_json":{"title":"Documentos para sepultamento: guia pr\u00e1tico para fam\u00edlias","description":"Entenda os documentos para sepultamento, como obt\u00ea-los e como uma funer\u00e1ria pode ajudar sua fam\u00edlia com cuidado e seguran\u00e7a.","robots":{"index":"noindex","follow":"follow","max-snippet":"max-snippet:-1","max-image-preview":"max-image-preview:large","max-video-preview":"max-video-preview:-1"},"og_locale":"pt_BR","og_type":"article","og_title":"Documentos para sepultamento: guia pr\u00e1tico para fam\u00edlias","og_description":"Entenda os documentos para sepultamento, como obt\u00ea-los e como uma funer\u00e1ria pode ajudar sua fam\u00edlia com cuidado e seguran\u00e7a.","og_url":"https:\/\/velarspfuneraria.com.br\/blog\/documentos-para-sepultamento\/","og_site_name":"Velar SP Funer\u00e1ria","article_published_time":"2026-02-06T13:37:30+00:00","article_modified_time":"2026-02-27T20:11:30+00:00","og_image":[{"width":2560,"height":1707,"url":"https:\/\/velarspfuneraria.com.br\/blog\/wp-content\/uploads\/2026\/02\/view-delicate-white-roses-with-book-scaled.jpg","type":"image\/jpeg"}],"author":"Rafaela","twitter_card":"summary_large_image","twitter_misc":{"Escrito por":"Rafaela","Est. tempo de leitura":"5 minutos"},"schema":{"@context":"https:\/\/schema.org","@graph":[{"@type":"Article","@id":"https:\/\/velarspfuneraria.com.br\/blog\/documentos-para-sepultamento\/#article","isPartOf":{"@id":"https:\/\/velarspfuneraria.com.br\/blog\/documentos-para-sepultamento\/"},"author":{"name":"Rafaela","@id":"https:\/\/velarspfuneraria.com.br\/blog\/#\/schema\/person\/8d2def147a66049df56b513bf35778fe"},"headline":"Documentos para sepultamento: guia completo para fam\u00edlias em luto","datePublished":"2026-02-06T13:37:30+00:00","dateModified":"2026-02-27T20:11:30+00:00","mainEntityOfPage":{"@id":"https:\/\/velarspfuneraria.com.br\/blog\/documentos-para-sepultamento\/"},"wordCount":803,"commentCount":0,"image":{"@id":"https:\/\/velarspfuneraria.com.br\/blog\/documentos-para-sepultamento\/#primaryimage"},"thumbnailUrl":"https:\/\/velarspfuneraria.com.br\/blog\/wp-content\/uploads\/2026\/02\/view-delicate-white-roses-with-book-scaled.jpg","inLanguage":"pt-BR","potentialAction":[{"@type":"CommentAction","name":"Comment","target":["https:\/\/velarspfuneraria.com.br\/blog\/documentos-para-sepultamento\/#respond"]}]},{"@type":"WebPage","@id":"https:\/\/velarspfuneraria.com.br\/blog\/documentos-para-sepultamento\/","url":"https:\/\/velarspfuneraria.com.br\/blog\/documentos-para-sepultamento\/","name":"Documentos para sepultamento: guia pr\u00e1tico para fam\u00edlias","isPartOf":{"@id":"https:\/\/velarspfuneraria.com.br\/blog\/#website"},"primaryImageOfPage":{"@id":"https:\/\/velarspfuneraria.com.br\/blog\/documentos-para-sepultamento\/#primaryimage"},"image":{"@id":"https:\/\/velarspfuneraria.com.br\/blog\/documentos-para-sepultamento\/#primaryimage"},"thumbnailUrl":"https:\/\/velarspfuneraria.com.br\/blog\/wp-content\/uploads\/2026\/02\/view-delicate-white-roses-with-book-scaled.jpg","datePublished":"2026-02-06T13:37:30+00:00","dateModified":"2026-02-27T20:11:30+00:00","author":{"@id":"https:\/\/velarspfuneraria.com.br\/blog\/#\/schema\/person\/8d2def147a66049df56b513bf35778fe"},"description":"Entenda os documentos para sepultamento, como obt\u00ea-los e como uma funer\u00e1ria pode ajudar sua fam\u00edlia com cuidado e seguran\u00e7a.","breadcrumb":{"@id":"https:\/\/velarspfuneraria.com.br\/blog\/documentos-para-sepultamento\/#breadcrumb"},"inLanguage":"pt-BR","potentialAction":[{"@type":"ReadAction","target":["https:\/\/velarspfuneraria.com.br\/blog\/documentos-para-sepultamento\/"]}]},{"@type":"ImageObject","inLanguage":"pt-BR","@id":"https:\/\/velarspfuneraria.com.br\/blog\/documentos-para-sepultamento\/#primaryimage","url":"https:\/\/velarspfuneraria.com.br\/blog\/wp-content\/uploads\/2026\/02\/view-delicate-white-roses-with-book-scaled.jpg","contentUrl":"https:\/\/velarspfuneraria.com.br\/blog\/wp-content\/uploads\/2026\/02\/view-delicate-white-roses-with-book-scaled.jpg","width":2560,"height":1707,"caption":"Documentos para sepultamento: guia pr\u00e1tico para fam\u00edlias"},{"@type":"BreadcrumbList","@id":"https:\/\/velarspfuneraria.com.br\/blog\/documentos-para-sepultamento\/#breadcrumb","itemListElement":[{"@type":"ListItem","position":1,"name":"In\u00edcio","item":"https:\/\/velarspfuneraria.com.br\/blog\/"},{"@type":"ListItem","position":2,"name":"Documentos para sepultamento: guia completo para fam\u00edlias em luto"}]},{"@type":"WebSite","@id":"https:\/\/velarspfuneraria.com.br\/blog\/#website","url":"https:\/\/velarspfuneraria.com.br\/blog\/","name":"Velar SP Funer\u00e1ria","description":"","potentialAction":[{"@type":"SearchAction","target":{"@type":"EntryPoint","urlTemplate":"https:\/\/velarspfuneraria.com.br\/blog\/?s={search_term_string}"},"query-input":{"@type":"PropertyValueSpecification","valueRequired":true,"valueName":"search_term_string"}}],"inLanguage":"pt-BR"},{"@type":"Person","@id":"https:\/\/velarspfuneraria.com.br\/blog\/#\/schema\/person\/8d2def147a66049df56b513bf35778fe","name":"Rafaela","image":{"@type":"ImageObject","inLanguage":"pt-BR","@id":"https:\/\/velarspfuneraria.com.br\/blog\/#\/schema\/person\/image\/","url":"https:\/\/secure.gravatar.com\/avatar\/6d499a9a62f923ea2760188b4d3f0f14096efaba0b988cadddc1a7eb4725d31f?s=96&d=mm&r=g","contentUrl":"https:\/\/secure.gravatar.com\/avatar\/6d499a9a62f923ea2760188b4d3f0f14096efaba0b988cadddc1a7eb4725d31f?s=96&d=mm&r=g","caption":"Rafaela"},"url":"https:\/\/velarspfuneraria.com.br\/blog\/author\/rafaela\/"}]}},"_links":{"self":[{"href":"https:\/\/velarspfuneraria.com.br\/blog\/wp-json\/wp\/v2\/posts\/302","targetHints":{"allow":["GET"]}}],"collection":[{"href":"https:\/\/velarspfuneraria.com.br\/blog\/wp-json\/wp\/v2\/posts"}],"about":[{"href":"https:\/\/velarspfuneraria.com.br\/blog\/wp-json\/wp\/v2\/types\/post"}],"author":[{"embeddable":true,"href":"https:\/\/velarspfuneraria.com.br\/blog\/wp-json\/wp\/v2\/users\/2"}],"replies":[{"embeddable":true,"href":"https:\/\/velarspfuneraria.com.br\/blog\/wp-json\/wp\/v2\/comments?post=302"}],"version-history":[{"count":4,"href":"https:\/\/velarspfuneraria.com.br\/blog\/wp-json\/wp\/v2\/posts\/302\/revisions"}],"predecessor-version":[{"id":349,"href":"https:\/\/velarspfuneraria.com.br\/blog\/wp-json\/wp\/v2\/posts\/302\/revisions\/349"}],"wp:featuredmedia":[{"embeddable":true,"href":"https:\/\/velarspfuneraria.com.br\/blog\/wp-json\/wp\/v2\/media\/304"}],"wp:attachment":[{"href":"https:\/\/velarspfuneraria.com.br\/blog\/wp-json\/wp\/v2\/media?parent=302"}],"wp:term":[{"taxonomy":"category","embeddable":true,"href":"https:\/\/velarspfuneraria.com.br\/blog\/wp-json\/wp\/v2\/categories?post=302"},{"taxonomy":"post_tag","embeddable":true,"href":"https:\/\/velarspfuneraria.com.br\/blog\/wp-json\/wp\/v2\/tags?post=302"}],"curies":[{"name":"wp","href":"https:\/\/api.w.org\/{rel}","templated":true}]}}