{"id":305,"date":"2026-02-06T12:17:57","date_gmt":"2026-02-06T15:17:57","guid":{"rendered":"https:\/\/velarspfuneraria.com.br\/blog\/?p=305"},"modified":"2026-02-06T12:18:03","modified_gmt":"2026-02-06T15:18:03","slug":"exumacao-de-corpo-prazo-e-preco","status":"publish","type":"post","link":"https:\/\/velarspfuneraria.com.br\/blog\/exumacao-de-corpo-prazo-e-preco\/","title":{"rendered":"Exuma\u00e7\u00e3o de corpo prazo e pre\u00e7o: entenda como funciona o procedimento"},"content":{"rendered":"\n<p>A perda de algu\u00e9m querido j\u00e1 \u00e9, por si s\u00f3, um momento marcado por dor, saudade e muitas emo\u00e7\u00f5es. Ainda assim, em determinadas situa\u00e7\u00f5es, a fam\u00edlia precisa lidar com decis\u00f5es dif\u00edceis e pouco conhecidas, como a exuma\u00e7\u00e3o de corpo, prazo e pre\u00e7o. Por isso, compreender esse procedimento com informa\u00e7\u00f5es claras e acess\u00edveis ajuda a reduzir inseguran\u00e7as e evita preocupa\u00e7\u00f5es adicionais em um per\u00edodo t\u00e3o delicado.<\/p>\n\n\n\n<p>A exuma\u00e7\u00e3o costuma gerar d\u00favidas, pois envolve quest\u00f5es legais, prazos definidos e custos espec\u00edficos. Como o tema raramente \u00e9 discutido de forma aberta, a sensa\u00e7\u00e3o de incerteza aumenta. Neste conte\u00fado, voc\u00ea encontra explica\u00e7\u00f5es claras e respeitosas sobre quando a exuma\u00e7\u00e3o se torna necess\u00e1ria, quais s\u00e3o os prazos e como funciona o valor desse servi\u00e7o.<\/p>\n\n\n\n<h2 class=\"wp-block-heading\">O que \u00e9 a exuma\u00e7\u00e3o de corpo<\/h2>\n\n\n\n<p>A exuma\u00e7\u00e3o de corpo consiste na retirada dos restos mortais de um jazigo ou sepultura ap\u00f3s um per\u00edodo definido por lei ou pelas normas do cemit\u00e9rio. <a href=\"https:\/\/velarspfuneraria.com.br\/blog\/comprar-jazigo-no-cemiterio\/\" type=\"link\" id=\"https:\/\/velarspfuneraria.com.br\/blog\/comprar-jazigo-no-cemiterio\/\">Por isso, esse procedimento ocorre, principalmente, quando o prazo de concess\u00e3o do t\u00famulo chega ao fim ou quando a fam\u00edlia precisa transferir os restos mortais para outro local.<\/a><\/p>\n\n\n\n<p>Dessa forma, a fam\u00edlia tamb\u00e9m pode solicitar a exuma\u00e7\u00e3o em situa\u00e7\u00f5es espec\u00edficas, como crema\u00e7\u00e3o posterior, mudan\u00e7a para um jazigo familiar ou reorganiza\u00e7\u00e3o do espa\u00e7o no cemit\u00e9rio. Em todos os casos, equipes especializadas seguem normas t\u00e9cnicas e sanit\u00e1rias, assim, preservam o respeito \u00e0 mem\u00f3ria do falecido e oferecem cuidado \u00e0 fam\u00edlia.<\/p>\n\n\n\n<h2 class=\"wp-block-heading\">Exuma\u00e7\u00e3o de corpo: prazo legal para realiza\u00e7\u00e3o<\/h2>\n\n\n\n<p>Quando falamos em <strong>exuma\u00e7\u00e3o de corpo prazo e pre\u00e7o<\/strong>, o prazo costuma ser a principal d\u00favida. De modo geral, a legisla\u00e7\u00e3o brasileira e os regulamentos dos cemit\u00e9rios estabelecem um per\u00edodo m\u00ednimo de <strong>tr\u00eas anos<\/strong> ap\u00f3s o sepultamento para que a exuma\u00e7\u00e3o seja autorizada.<\/p>\n\n\n\n<p>No entanto, esse prazo pode variar conforme:<\/p>\n\n\n\n<ul class=\"wp-block-list\">\n<li>O tipo de sepultura (tempor\u00e1ria ou perp\u00e9tua)<\/li>\n\n\n\n<li>As regras do cemit\u00e9rio p\u00fablico ou privado<\/li>\n\n\n\n<li>A finalidade da exuma\u00e7\u00e3o<\/li>\n<\/ul>\n\n\n\n<p>Por isso, antes de qualquer decis\u00e3o, \u00e9 fundamental consultar o cemit\u00e9rio respons\u00e1vel ou uma funer\u00e1ria especializada. Dessa forma, a fam\u00edlia evita contratempos e recebe orienta\u00e7\u00f5es adequadas desde o in\u00edcio.<\/p>\n\n\n\n<h2 class=\"wp-block-heading\">Exuma\u00e7\u00e3o de corpo e pre\u00e7o: o que influencia no valor<\/h2>\n\n\n\n<p>O pre\u00e7o da exuma\u00e7\u00e3o de corpo pode variar bastante, pois depende de diferentes fatores. Entre os principais, est\u00e3o:<\/p>\n\n\n\n<ul class=\"wp-block-list\">\n<li>Taxas administrativas do cemit\u00e9rio<\/li>\n\n\n\n<li>Tipo de jazigo ou sepultura<\/li>\n\n\n\n<li>Necessidade de nova urna ou ossu\u00e1rio<\/li>\n\n\n\n<li>Servi\u00e7os adicionais, como traslado ou crema\u00e7\u00e3o<\/li>\n<\/ul>\n\n\n\n<p>Al\u00e9m disso, cemit\u00e9rios p\u00fablicos e privados possuem tabelas de valores distintas. <a href=\"https:\/\/velarspfuneraria.com.br\/blog\/cemiterio-sao-pedro\/\" type=\"link\" id=\"https:\/\/velarspfuneraria.com.br\/blog\/cemiterio-sao-pedro\/\">Por esse motivo, buscar informa\u00e7\u00f5es antecipadas ajuda a fam\u00edlia a se planejar melhor e tomar decis\u00f5es com mais tranquilidade.<\/a><\/p>\n\n\n\n<p>Vale lembrar que algumas fam\u00edlias contam com <strong>planos funer\u00e1rios<\/strong>, que podem incluir ou reduzir custos relacionados \u00e0 exuma\u00e7\u00e3o. Assim, verificar se h\u00e1 cobertura contratual faz toda a diferen\u00e7a nesse momento.<\/p>\n\n\n\n<h2 class=\"wp-block-heading\">Documentos necess\u00e1rios para a exuma\u00e7\u00e3o de corpo<\/h2>\n\n\n\n<p>Outro ponto importante envolve a documenta\u00e7\u00e3o. Para realizar a exuma\u00e7\u00e3o de corpo dentro do prazo legal, normalmente s\u00e3o solicitados:<\/p>\n\n\n\n<ul class=\"wp-block-list\">\n<li>Certid\u00e3o de \u00f3bito<\/li>\n\n\n\n<li>Documento de identidade do falecido<\/li>\n\n\n\n<li>Documentos do respons\u00e1vel legal<\/li>\n\n\n\n<li>Autoriza\u00e7\u00e3o do cemit\u00e9rio<\/li>\n\n\n\n<li>Pedido formal assinado pela fam\u00edlia<\/li>\n<\/ul>\n\n\n\n<p>Em alguns casos, quando h\u00e1 crema\u00e7\u00e3o ou traslado, podem ser exigidos documentos adicionais. Por isso, contar com apoio especializado facilita a organiza\u00e7\u00e3o e evita atrasos no processo.<\/p>\n\n\n\n<h2 class=\"wp-block-heading\">Como uma funer\u00e1ria pode ajudar nesse momento<\/h2>\n\n\n\n<p>Durante todo o processo de <strong>exuma\u00e7\u00e3o de corpo prazo e pre\u00e7o<\/strong>, o suporte de uma funer\u00e1ria faz grande diferen\u00e7a. Al\u00e9m de orientar sobre prazos e valores, a equipe auxilia na documenta\u00e7\u00e3o, agenda o procedimento junto ao cemit\u00e9rio e acompanha cada etapa com aten\u00e7\u00e3o.<\/p>\n\n\n\n<p>Mais do que resolver quest\u00f5es burocr\u00e1ticas, uma funer\u00e1ria experiente oferece acolhimento. Esse cuidado permite que a fam\u00edlia se sinta amparada e menos sobrecarregada, especialmente em um momento que exige sensibilidade e respeito.<\/p>\n\n\n\n<p><a href=\"https:\/\/velarfunerariasp.com.br\/sepultamento-como-e-feito\/\" type=\"link\" id=\"https:\/\/velarfunerariasp.com.br\/sepultamento-como-e-feito\/\">A exuma\u00e7\u00e3o de corpo<\/a> exige decis\u00f5es sens\u00edveis e impacta diretamente a fam\u00edlia. Quando a fam\u00edlia compreende prazos, valores e procedimentos, o processo se torna mais claro e menos desgastante. Entender cada etapa reduz inseguran\u00e7as e ajuda a conduzir as escolhas com mais serenidade e respeito \u00e0 mem\u00f3ria de quem partiu.<\/p>\n\n\n\n<p>Al\u00e9m disso, a orienta\u00e7\u00e3o adequada reduz imprevistos, evita atrasos e diminui preocupa\u00e7\u00f5es desnecess\u00e1rias. Cada situa\u00e7\u00e3o apresenta suas pr\u00f3prias particularidades. Por isso, informa\u00e7\u00f5es corretas fortalecem a fam\u00edlia e ajudam a atravessar esse momento com mais tranquilidade e equil\u00edbrio emocional.<\/p>\n\n\n\n<p>Durante esse processo, d\u00favidas sobre exuma\u00e7\u00e3o de corpo, prazo ou pre\u00e7o surgem com frequ\u00eancia. Buscar orienta\u00e7\u00e3o traz mais clareza e seguran\u00e7a. Uma funer\u00e1ria de confian\u00e7a orienta cada etapa com calma e respeito, apoiando a fam\u00edlia na tomada de decis\u00f5es neste momento delicado.<\/p>\n\n\n\n<p>Se voc\u00ea precisa de orienta\u00e7\u00e3o, or\u00e7amento ou atendimento humanizado, entre em contato conosco pela nossa Central de Atendimento ou fale pelo WhatsApp. Estamos prontos para ajudar com cuidado e transpar\u00eancia.<\/p>\n\n\n\n\n\t\t<style>\n\t\t\t@media(max-width:767px){\n\t\t\t\t.container-btns-post > * {\n\t\t\t\t\tmargin: 0 auto\n\t\t\t\t}\n\t\t\t}\n\t\t<\/style>\n\t\t<div class='container-btns-post' style='display: flex; gap: 15px; align-items: center; flex-wrap: wrap'>\n\t\t\t<a class='phone-number' href='tel:01131630912'>11 3163-0912<\/a><a class='whatsapp-number' target='_blank' href='https:\/\/wa.me\/551131630123?text=Estou%20no%20site%20Velar%20SP%20Funer%C3%A1ria%20e%20gostaria%20de%20mais%20informa%C3%A7%C3%B5es.%5Cn%5Cn%2A%5BAtendimento%20%230912-POST%5D%2A'>11 3163-0123<\/a>\n\t\t<\/div>\n\n\n\n<p><br><br><\/p>\n","protected":false},"excerpt":{"rendered":"<p>A perda de algu\u00e9m querido j\u00e1 \u00e9, por si s\u00f3, um momento marcado por dor, saudade e muitas emo\u00e7\u00f5es. Ainda assim, em determinadas situa\u00e7\u00f5es, a fam\u00edlia precisa lidar com decis\u00f5es dif\u00edceis e pouco conhecidas, como a exuma\u00e7\u00e3o de corpo, prazo e pre\u00e7o. Por isso, compreender esse procedimento com informa\u00e7\u00f5es claras e acess\u00edveis ajuda a reduzir [&hellip;]<\/p>\n","protected":false},"author":2,"featured_media":308,"comment_status":"open","ping_status":"open","sticky":false,"template":"","format":"standard","meta":{"footnotes":""},"categories":[1],"tags":[],"class_list":["post-305","post","type-post","status-publish","format-standard","has-post-thumbnail","hentry","category-sem-categoria"],"yoast_head":"<!-- This site is optimized with the Yoast SEO plugin v26.8 - https:\/\/yoast.com\/product\/yoast-seo-wordpress\/ -->\n<title>Exuma\u00e7\u00e3o de corpo prazo e pre\u00e7o<\/title>\n<meta name=\"description\" content=\"Saiba como funciona a exuma\u00e7\u00e3o de corpo, prazo e pre\u00e7o, quando o procedimento \u00e9 permitido e como obter orienta\u00e7\u00e3o segura e humanizada.\" \/>\n<meta name=\"robots\" content=\"noindex, follow, max-snippet:-1, max-image-preview:large, max-video-preview:-1\" \/>\n<meta property=\"og:locale\" content=\"pt_BR\" \/>\n<meta property=\"og:type\" content=\"article\" \/>\n<meta property=\"og:title\" content=\"Exuma\u00e7\u00e3o de corpo prazo e pre\u00e7o\" \/>\n<meta property=\"og:description\" content=\"Saiba como funciona a exuma\u00e7\u00e3o de corpo, prazo e pre\u00e7o, quando o procedimento \u00e9 permitido e como obter orienta\u00e7\u00e3o segura e humanizada.\" \/>\n<meta property=\"og:url\" content=\"https:\/\/velarspfuneraria.com.br\/blog\/exumacao-de-corpo-prazo-e-preco\/\" \/>\n<meta property=\"og:site_name\" content=\"Velar SP Funer\u00e1ria\" \/>\n<meta property=\"article:published_time\" content=\"2026-02-06T15:17:57+00:00\" \/>\n<meta property=\"article:modified_time\" content=\"2026-02-06T15:18:03+00:00\" \/>\n<meta property=\"og:image\" content=\"https:\/\/velarspfuneraria.com.br\/blog\/wp-content\/uploads\/2026\/02\/arlington-national-cemetery-scaled.jpg\" \/>\n\t<meta property=\"og:image:width\" content=\"2560\" \/>\n\t<meta property=\"og:image:height\" content=\"1920\" \/>\n\t<meta property=\"og:image:type\" content=\"image\/jpeg\" \/>\n<meta name=\"author\" content=\"Rafaela\" \/>\n<meta name=\"twitter:card\" content=\"summary_large_image\" \/>\n<meta name=\"twitter:label1\" content=\"Escrito por\" \/>\n\t<meta name=\"twitter:data1\" content=\"Rafaela\" \/>\n\t<meta name=\"twitter:label2\" content=\"Est. tempo de leitura\" \/>\n\t<meta name=\"twitter:data2\" content=\"5 minutos\" \/>\n<script type=\"application\/ld+json\" class=\"yoast-schema-graph\">{\"@context\":\"https:\/\/schema.org\",\"@graph\":[{\"@type\":\"Article\",\"@id\":\"https:\/\/velarspfuneraria.com.br\/blog\/exumacao-de-corpo-prazo-e-preco\/#article\",\"isPartOf\":{\"@id\":\"https:\/\/velarspfuneraria.com.br\/blog\/exumacao-de-corpo-prazo-e-preco\/\"},\"author\":{\"name\":\"Rafaela\",\"@id\":\"https:\/\/velarspfuneraria.com.br\/blog\/#\/schema\/person\/8d2def147a66049df56b513bf35778fe\"},\"headline\":\"Exuma\u00e7\u00e3o de corpo prazo e pre\u00e7o: entenda como funciona o procedimento\",\"datePublished\":\"2026-02-06T15:17:57+00:00\",\"dateModified\":\"2026-02-06T15:18:03+00:00\",\"mainEntityOfPage\":{\"@id\":\"https:\/\/velarspfuneraria.com.br\/blog\/exumacao-de-corpo-prazo-e-preco\/\"},\"wordCount\":908,\"commentCount\":0,\"image\":{\"@id\":\"https:\/\/velarspfuneraria.com.br\/blog\/exumacao-de-corpo-prazo-e-preco\/#primaryimage\"},\"thumbnailUrl\":\"https:\/\/velarspfuneraria.com.br\/blog\/wp-content\/uploads\/2026\/02\/arlington-national-cemetery-scaled.jpg\",\"inLanguage\":\"pt-BR\",\"potentialAction\":[{\"@type\":\"CommentAction\",\"name\":\"Comment\",\"target\":[\"https:\/\/velarspfuneraria.com.br\/blog\/exumacao-de-corpo-prazo-e-preco\/#respond\"]}]},{\"@type\":\"WebPage\",\"@id\":\"https:\/\/velarspfuneraria.com.br\/blog\/exumacao-de-corpo-prazo-e-preco\/\",\"url\":\"https:\/\/velarspfuneraria.com.br\/blog\/exumacao-de-corpo-prazo-e-preco\/\",\"name\":\"Exuma\u00e7\u00e3o de corpo prazo e pre\u00e7o\",\"isPartOf\":{\"@id\":\"https:\/\/velarspfuneraria.com.br\/blog\/#website\"},\"primaryImageOfPage\":{\"@id\":\"https:\/\/velarspfuneraria.com.br\/blog\/exumacao-de-corpo-prazo-e-preco\/#primaryimage\"},\"image\":{\"@id\":\"https:\/\/velarspfuneraria.com.br\/blog\/exumacao-de-corpo-prazo-e-preco\/#primaryimage\"},\"thumbnailUrl\":\"https:\/\/velarspfuneraria.com.br\/blog\/wp-content\/uploads\/2026\/02\/arlington-national-cemetery-scaled.jpg\",\"datePublished\":\"2026-02-06T15:17:57+00:00\",\"dateModified\":\"2026-02-06T15:18:03+00:00\",\"author\":{\"@id\":\"https:\/\/velarspfuneraria.com.br\/blog\/#\/schema\/person\/8d2def147a66049df56b513bf35778fe\"},\"description\":\"Saiba como funciona a exuma\u00e7\u00e3o de corpo, prazo e pre\u00e7o, quando o procedimento \u00e9 permitido e como obter orienta\u00e7\u00e3o segura e humanizada.\",\"breadcrumb\":{\"@id\":\"https:\/\/velarspfuneraria.com.br\/blog\/exumacao-de-corpo-prazo-e-preco\/#breadcrumb\"},\"inLanguage\":\"pt-BR\",\"potentialAction\":[{\"@type\":\"ReadAction\",\"target\":[\"https:\/\/velarspfuneraria.com.br\/blog\/exumacao-de-corpo-prazo-e-preco\/\"]}]},{\"@type\":\"ImageObject\",\"inLanguage\":\"pt-BR\",\"@id\":\"https:\/\/velarspfuneraria.com.br\/blog\/exumacao-de-corpo-prazo-e-preco\/#primaryimage\",\"url\":\"https:\/\/velarspfuneraria.com.br\/blog\/wp-content\/uploads\/2026\/02\/arlington-national-cemetery-scaled.jpg\",\"contentUrl\":\"https:\/\/velarspfuneraria.com.br\/blog\/wp-content\/uploads\/2026\/02\/arlington-national-cemetery-scaled.jpg\",\"width\":2560,\"height\":1920,\"caption\":\"Exuma\u00e7\u00e3o de corpo prazo e pre\u00e7o\"},{\"@type\":\"BreadcrumbList\",\"@id\":\"https:\/\/velarspfuneraria.com.br\/blog\/exumacao-de-corpo-prazo-e-preco\/#breadcrumb\",\"itemListElement\":[{\"@type\":\"ListItem\",\"position\":1,\"name\":\"In\u00edcio\",\"item\":\"https:\/\/velarspfuneraria.com.br\/blog\/\"},{\"@type\":\"ListItem\",\"position\":2,\"name\":\"Exuma\u00e7\u00e3o de corpo prazo e pre\u00e7o: entenda como funciona o procedimento\"}]},{\"@type\":\"WebSite\",\"@id\":\"https:\/\/velarspfuneraria.com.br\/blog\/#website\",\"url\":\"https:\/\/velarspfuneraria.com.br\/blog\/\",\"name\":\"Velar SP Funer\u00e1ria\",\"description\":\"\",\"potentialAction\":[{\"@type\":\"SearchAction\",\"target\":{\"@type\":\"EntryPoint\",\"urlTemplate\":\"https:\/\/velarspfuneraria.com.br\/blog\/?s={search_term_string}\"},\"query-input\":{\"@type\":\"PropertyValueSpecification\",\"valueRequired\":true,\"valueName\":\"search_term_string\"}}],\"inLanguage\":\"pt-BR\"},{\"@type\":\"Person\",\"@id\":\"https:\/\/velarspfuneraria.com.br\/blog\/#\/schema\/person\/8d2def147a66049df56b513bf35778fe\",\"name\":\"Rafaela\",\"image\":{\"@type\":\"ImageObject\",\"inLanguage\":\"pt-BR\",\"@id\":\"https:\/\/velarspfuneraria.com.br\/blog\/#\/schema\/person\/image\/\",\"url\":\"https:\/\/secure.gravatar.com\/avatar\/6d499a9a62f923ea2760188b4d3f0f14096efaba0b988cadddc1a7eb4725d31f?s=96&d=mm&r=g\",\"contentUrl\":\"https:\/\/secure.gravatar.com\/avatar\/6d499a9a62f923ea2760188b4d3f0f14096efaba0b988cadddc1a7eb4725d31f?s=96&d=mm&r=g\",\"caption\":\"Rafaela\"},\"url\":\"https:\/\/velarspfuneraria.com.br\/blog\/author\/rafaela\/\"}]}<\/script>\n<!-- \/ Yoast SEO plugin. -->","yoast_head_json":{"title":"Exuma\u00e7\u00e3o de corpo prazo e pre\u00e7o","description":"Saiba como funciona a exuma\u00e7\u00e3o de corpo, prazo e pre\u00e7o, quando o procedimento \u00e9 permitido e como obter orienta\u00e7\u00e3o segura e humanizada.","robots":{"index":"noindex","follow":"follow","max-snippet":"max-snippet:-1","max-image-preview":"max-image-preview:large","max-video-preview":"max-video-preview:-1"},"og_locale":"pt_BR","og_type":"article","og_title":"Exuma\u00e7\u00e3o de corpo prazo e pre\u00e7o","og_description":"Saiba como funciona a exuma\u00e7\u00e3o de corpo, prazo e pre\u00e7o, quando o procedimento \u00e9 permitido e como obter orienta\u00e7\u00e3o segura e humanizada.","og_url":"https:\/\/velarspfuneraria.com.br\/blog\/exumacao-de-corpo-prazo-e-preco\/","og_site_name":"Velar SP Funer\u00e1ria","article_published_time":"2026-02-06T15:17:57+00:00","article_modified_time":"2026-02-06T15:18:03+00:00","og_image":[{"width":2560,"height":1920,"url":"https:\/\/velarspfuneraria.com.br\/blog\/wp-content\/uploads\/2026\/02\/arlington-national-cemetery-scaled.jpg","type":"image\/jpeg"}],"author":"Rafaela","twitter_card":"summary_large_image","twitter_misc":{"Escrito por":"Rafaela","Est. tempo de leitura":"5 minutos"},"schema":{"@context":"https:\/\/schema.org","@graph":[{"@type":"Article","@id":"https:\/\/velarspfuneraria.com.br\/blog\/exumacao-de-corpo-prazo-e-preco\/#article","isPartOf":{"@id":"https:\/\/velarspfuneraria.com.br\/blog\/exumacao-de-corpo-prazo-e-preco\/"},"author":{"name":"Rafaela","@id":"https:\/\/velarspfuneraria.com.br\/blog\/#\/schema\/person\/8d2def147a66049df56b513bf35778fe"},"headline":"Exuma\u00e7\u00e3o de corpo prazo e pre\u00e7o: entenda como funciona o procedimento","datePublished":"2026-02-06T15:17:57+00:00","dateModified":"2026-02-06T15:18:03+00:00","mainEntityOfPage":{"@id":"https:\/\/velarspfuneraria.com.br\/blog\/exumacao-de-corpo-prazo-e-preco\/"},"wordCount":908,"commentCount":0,"image":{"@id":"https:\/\/velarspfuneraria.com.br\/blog\/exumacao-de-corpo-prazo-e-preco\/#primaryimage"},"thumbnailUrl":"https:\/\/velarspfuneraria.com.br\/blog\/wp-content\/uploads\/2026\/02\/arlington-national-cemetery-scaled.jpg","inLanguage":"pt-BR","potentialAction":[{"@type":"CommentAction","name":"Comment","target":["https:\/\/velarspfuneraria.com.br\/blog\/exumacao-de-corpo-prazo-e-preco\/#respond"]}]},{"@type":"WebPage","@id":"https:\/\/velarspfuneraria.com.br\/blog\/exumacao-de-corpo-prazo-e-preco\/","url":"https:\/\/velarspfuneraria.com.br\/blog\/exumacao-de-corpo-prazo-e-preco\/","name":"Exuma\u00e7\u00e3o de corpo prazo e pre\u00e7o","isPartOf":{"@id":"https:\/\/velarspfuneraria.com.br\/blog\/#website"},"primaryImageOfPage":{"@id":"https:\/\/velarspfuneraria.com.br\/blog\/exumacao-de-corpo-prazo-e-preco\/#primaryimage"},"image":{"@id":"https:\/\/velarspfuneraria.com.br\/blog\/exumacao-de-corpo-prazo-e-preco\/#primaryimage"},"thumbnailUrl":"https:\/\/velarspfuneraria.com.br\/blog\/wp-content\/uploads\/2026\/02\/arlington-national-cemetery-scaled.jpg","datePublished":"2026-02-06T15:17:57+00:00","dateModified":"2026-02-06T15:18:03+00:00","author":{"@id":"https:\/\/velarspfuneraria.com.br\/blog\/#\/schema\/person\/8d2def147a66049df56b513bf35778fe"},"description":"Saiba como funciona a exuma\u00e7\u00e3o de corpo, prazo e pre\u00e7o, quando o procedimento \u00e9 permitido e como obter orienta\u00e7\u00e3o segura e humanizada.","breadcrumb":{"@id":"https:\/\/velarspfuneraria.com.br\/blog\/exumacao-de-corpo-prazo-e-preco\/#breadcrumb"},"inLanguage":"pt-BR","potentialAction":[{"@type":"ReadAction","target":["https:\/\/velarspfuneraria.com.br\/blog\/exumacao-de-corpo-prazo-e-preco\/"]}]},{"@type":"ImageObject","inLanguage":"pt-BR","@id":"https:\/\/velarspfuneraria.com.br\/blog\/exumacao-de-corpo-prazo-e-preco\/#primaryimage","url":"https:\/\/velarspfuneraria.com.br\/blog\/wp-content\/uploads\/2026\/02\/arlington-national-cemetery-scaled.jpg","contentUrl":"https:\/\/velarspfuneraria.com.br\/blog\/wp-content\/uploads\/2026\/02\/arlington-national-cemetery-scaled.jpg","width":2560,"height":1920,"caption":"Exuma\u00e7\u00e3o de corpo prazo e pre\u00e7o"},{"@type":"BreadcrumbList","@id":"https:\/\/velarspfuneraria.com.br\/blog\/exumacao-de-corpo-prazo-e-preco\/#breadcrumb","itemListElement":[{"@type":"ListItem","position":1,"name":"In\u00edcio","item":"https:\/\/velarspfuneraria.com.br\/blog\/"},{"@type":"ListItem","position":2,"name":"Exuma\u00e7\u00e3o de corpo prazo e pre\u00e7o: entenda como funciona o procedimento"}]},{"@type":"WebSite","@id":"https:\/\/velarspfuneraria.com.br\/blog\/#website","url":"https:\/\/velarspfuneraria.com.br\/blog\/","name":"Velar SP Funer\u00e1ria","description":"","potentialAction":[{"@type":"SearchAction","target":{"@type":"EntryPoint","urlTemplate":"https:\/\/velarspfuneraria.com.br\/blog\/?s={search_term_string}"},"query-input":{"@type":"PropertyValueSpecification","valueRequired":true,"valueName":"search_term_string"}}],"inLanguage":"pt-BR"},{"@type":"Person","@id":"https:\/\/velarspfuneraria.com.br\/blog\/#\/schema\/person\/8d2def147a66049df56b513bf35778fe","name":"Rafaela","image":{"@type":"ImageObject","inLanguage":"pt-BR","@id":"https:\/\/velarspfuneraria.com.br\/blog\/#\/schema\/person\/image\/","url":"https:\/\/secure.gravatar.com\/avatar\/6d499a9a62f923ea2760188b4d3f0f14096efaba0b988cadddc1a7eb4725d31f?s=96&d=mm&r=g","contentUrl":"https:\/\/secure.gravatar.com\/avatar\/6d499a9a62f923ea2760188b4d3f0f14096efaba0b988cadddc1a7eb4725d31f?s=96&d=mm&r=g","caption":"Rafaela"},"url":"https:\/\/velarspfuneraria.com.br\/blog\/author\/rafaela\/"}]}},"_links":{"self":[{"href":"https:\/\/velarspfuneraria.com.br\/blog\/wp-json\/wp\/v2\/posts\/305","targetHints":{"allow":["GET"]}}],"collection":[{"href":"https:\/\/velarspfuneraria.com.br\/blog\/wp-json\/wp\/v2\/posts"}],"about":[{"href":"https:\/\/velarspfuneraria.com.br\/blog\/wp-json\/wp\/v2\/types\/post"}],"author":[{"embeddable":true,"href":"https:\/\/velarspfuneraria.com.br\/blog\/wp-json\/wp\/v2\/users\/2"}],"replies":[{"embeddable":true,"href":"https:\/\/velarspfuneraria.com.br\/blog\/wp-json\/wp\/v2\/comments?post=305"}],"version-history":[{"count":2,"href":"https:\/\/velarspfuneraria.com.br\/blog\/wp-json\/wp\/v2\/posts\/305\/revisions"}],"predecessor-version":[{"id":307,"href":"https:\/\/velarspfuneraria.com.br\/blog\/wp-json\/wp\/v2\/posts\/305\/revisions\/307"}],"wp:featuredmedia":[{"embeddable":true,"href":"https:\/\/velarspfuneraria.com.br\/blog\/wp-json\/wp\/v2\/media\/308"}],"wp:attachment":[{"href":"https:\/\/velarspfuneraria.com.br\/blog\/wp-json\/wp\/v2\/media?parent=305"}],"wp:term":[{"taxonomy":"category","embeddable":true,"href":"https:\/\/velarspfuneraria.com.br\/blog\/wp-json\/wp\/v2\/categories?post=305"},{"taxonomy":"post_tag","embeddable":true,"href":"https:\/\/velarspfuneraria.com.br\/blog\/wp-json\/wp\/v2\/tags?post=305"}],"curies":[{"name":"wp","href":"https:\/\/api.w.org\/{rel}","templated":true}]}}