{"id":309,"date":"2026-02-06T13:57:51","date_gmt":"2026-02-06T16:57:51","guid":{"rendered":"https:\/\/velarspfuneraria.com.br\/blog\/?p=309"},"modified":"2026-02-06T14:00:49","modified_gmt":"2026-02-06T17:00:49","slug":"cemiterio-da-quarta-parada-sao-paulo","status":"publish","type":"post","link":"https:\/\/velarspfuneraria.com.br\/blog\/cemiterio-da-quarta-parada-sao-paulo\/","title":{"rendered":"Cemit\u00e9rio da Quarta Parada S\u00e3o Paulo: informa\u00e7\u00f5es essenciais para fam\u00edlias"},"content":{"rendered":"\n<p>Mais do que um local destinado ao sepultamento, o <strong>Cemit\u00e9rio da Quarta Parada S\u00e3o Paulo<\/strong> \u00e9 um espa\u00e7o que carrega hist\u00f3ria, mem\u00f3ria e significado para muitas fam\u00edlias. Em momentos de perda, buscar informa\u00e7\u00f5es claras e acess\u00edveis faz diferen\u00e7a, pois ajuda a reduzir inseguran\u00e7as e permite que as decis\u00f5es sejam tomadas com mais tranquilidade.<\/p>\n\n\n\n<p>Nesse contexto, compreender como o cemit\u00e9rio funciona, quais servi\u00e7os est\u00e3o dispon\u00edveis e quais custos podem estar envolvidos contribui para um processo mais organizado. Dessa forma, mesmo diante da dor, a fam\u00edlia consegue lidar com cada etapa com mais serenidade e respeito, sem surpresas desnecess\u00e1rias.<\/p>\n\n\n\n<h2 class=\"wp-block-heading\">Cemit\u00e9rio da Quarta Parada S\u00e3o Paulo: hist\u00f3ria e relev\u00e2ncia<\/h2>\n\n\n\n<p>O Cemit\u00e9rio da Quarta Parada S\u00e3o Paulo \u00e9 um dos mais tradicionais da cidade e est\u00e1 localizado no <strong>bairro do Bel\u00e9m<\/strong>, na Zona Leste. Ao longo dos anos, tornou-se refer\u00eancia por atender gera\u00e7\u00f5es de fam\u00edlias, reunindo t\u00famulos hist\u00f3ricos, jazigos familiares e \u00e1reas destinadas a sepultamentos mais recentes.<\/p>\n\n\n\n<p>Por essa raz\u00e3o, muitas pessoas escolhem esse local quando buscam um espa\u00e7o conhecido, bem localizado e com estrutura adequada. Al\u00e9m disso, o cemit\u00e9rio faz parte da mem\u00f3ria da cidade, sendo um ponto importante n\u00e3o apenas do ponto de vista urbano, mas tamb\u00e9m cultural.<\/p>\n\n\n\n<h2 class=\"wp-block-heading\">Cemit\u00e9rio da Quarta Parada S\u00e3o Paulo: como chegar<\/h2>\n\n\n\n<p>Chegar ao <strong>Cemit\u00e9rio da Quarta Parada S\u00e3o Paulo<\/strong>, no bairro do Bel\u00e9m, \u00e9 relativamente simples. O local \u00e9 atendido por linhas de \u00f4nibus que passam pelas principais avenidas da Zona Leste. Para quem utiliza metr\u00f4, a esta\u00e7\u00e3o mais pr\u00f3xima fica a poucos minutos de dist\u00e2ncia, permitindo o trajeto a p\u00e9 ou com transporte complementar.<\/p>\n\n\n\n<p>Para quem prefere ir de carro, o acesso acontece por vias importantes da cidade. Ainda assim, \u00e9 recomend\u00e1vel sair com anteced\u00eancia, especialmente em hor\u00e1rios de vel\u00f3rio ou sepultamento, quando o fluxo de ve\u00edculos costuma ser maior.<\/p>\n\n\n\n<h2 class=\"wp-block-heading\">Cemit\u00e9rio da Quarta Parada S\u00e3o Paulo: servi\u00e7os oferecidos<\/h2>\n\n\n\n<p>O <strong>Cemit\u00e9rio da Quarta Parada S\u00e3o Paulo<\/strong> oferece diferentes servi\u00e7os voltados ao atendimento das fam\u00edlias. Entre eles, est\u00e3o:<\/p>\n\n\n\n<ul class=\"wp-block-list\">\n<li>Sepultamento em jazigos individuais ou familiares<\/li>\n\n\n\n<li>Vel\u00f3rios em espa\u00e7os apropriados<\/li>\n\n\n\n<li>Exuma\u00e7\u00e3o e traslado de restos mortais<\/li>\n\n\n\n<li>Manuten\u00e7\u00e3o e conserva\u00e7\u00e3o de jazigos<\/li>\n\n\n\n<li>Apoio administrativo para regulariza\u00e7\u00e3o de documentos<\/li>\n<\/ul>\n\n\n\n<p><a href=\"https:\/\/velarspfuneraria.com.br\/blog\/comprar-jazigo-no-cemiterio\/\" type=\"link\" id=\"https:\/\/velarspfuneraria.com.br\/blog\/comprar-jazigo-no-cemiterio\/\">Esses servi\u00e7os seguem normas t\u00e9cnicas e sanit\u00e1rias, sempre com respeito \u00e0 mem\u00f3ria do falecido e \u00e0s necessidades da fam\u00edlia. Dessa forma, o processo ocorre de maneira mais organizada e menos desgastante.<\/a><\/p>\n\n\n\n<h2 class=\"wp-block-heading\">Valores m\u00e9dios dos servi\u00e7os<\/h2>\n\n\n\n<p>Uma das d\u00favidas mais comuns envolve os custos. No Cemit\u00e9rio da Quarta Parada, os <strong>valores m\u00e9dios dos servi\u00e7os funer\u00e1rios variam entre R$ 2.500 e R$ 6.000<\/strong>, dependendo do tipo de servi\u00e7o contratado, do tempo de utiliza\u00e7\u00e3o e das exig\u00eancias espec\u00edficas de cada situa\u00e7\u00e3o.<\/p>\n\n\n\n<p>\u00c9 importante destacar que esses valores podem sofrer altera\u00e7\u00f5es conforme o per\u00edodo, a demanda e as regras administrativas. Por isso, buscar informa\u00e7\u00f5es atualizadas diretamente com o cemit\u00e9rio ou com uma funer\u00e1ria de confian\u00e7a ajuda a evitar surpresas.<\/p>\n\n\n\n<h2 class=\"wp-block-heading\">Documenta\u00e7\u00e3o e orienta\u00e7\u00f5es importantes<\/h2>\n\n\n\n<p>Para utilizar os servi\u00e7os do Cemit\u00e9rio da Quarta Parada, a fam\u00edlia precisa apresentar documentos b\u00e1sicos, como certid\u00e3o de \u00f3bito e identifica\u00e7\u00e3o do respons\u00e1vel. Em casos de exuma\u00e7\u00e3o, transfer\u00eancia ou regulariza\u00e7\u00e3o de jazigo, outros documentos podem ser solicitados.<\/p>\n\n\n\n<p><a href=\"https:\/\/velarspfuneraria.com.br\/blog\/documentos-para-sepultamento\/\" type=\"link\" id=\"https:\/\/velarspfuneraria.com.br\/blog\/documentos-para-sepultamento\/\">Nesse sentido, contar com orienta\u00e7\u00e3o adequada faz toda a diferen\u00e7a. Muitas fam\u00edlias preferem apoio profissional para lidar com essa parte burocr\u00e1tica, o que traz mais seguran\u00e7a emocional durante o processo.<\/a><\/p>\n\n\n\n<h2 class=\"wp-block-heading\">Um espa\u00e7o de mem\u00f3ria e respeito<\/h2>\n\n\n\n<p>Mais do que um local de sepultamento, o Cemit\u00e9rio da Quarta Parada representa um espa\u00e7o de mem\u00f3ria, despedida e reflex\u00e3o. Cada detalhe do atendimento influencia a forma como a fam\u00edlia vivencia esse momento. Por isso, informa\u00e7\u00f5es acess\u00edveis e decis\u00f5es bem orientadas ajudam a tornar a experi\u00eancia menos pesada.<\/p>\n\n\n\n<p>Al\u00e9m disso, planejar previamente servi\u00e7os funer\u00e1rios ou conhecer as op\u00e7\u00f5es dispon\u00edveis permite que a fam\u00edlia atue com mais serenidade quando necess\u00e1rio.<\/p>\n\n\n\n<p>Por isso, buscar informa\u00e7\u00f5es claras sobre o <strong>Cemit\u00e9rio da Quarta Parada S\u00e3o Paulo<\/strong> \u00e9 um passo importante para atravessar esse momento com mais tranquilidade. Assim, a fam\u00edlia consegue tomar decis\u00f5es com mais seguran\u00e7a e menos desgaste emocional, mesmo diante da dor da perda.<\/p>\n\n\n\n<p><a href=\"https:\/\/cemiteriodeitaquera.com.br\/\" type=\"link\" id=\"https:\/\/cemiteriodeitaquera.com.br\/\">Assim, contar com orienta\u00e7\u00e3o adequada e conhecer os servi\u00e7os dispon\u00edveis ajuda a organizar cada etapa com respeito e cuidado.<\/a> Ao mesmo tempo, esse apoio permite que familiares e amigos se concentrem na homenagem e na preserva\u00e7\u00e3o da mem\u00f3ria de quem partiu, tornando a despedida mais humana e acolhedora.<\/p>\n\n\n\n<p>Se voc\u00ea precisa de orienta\u00e7\u00e3o, or\u00e7amento ou atendimento humanizado, entre em contato conosco pela nossa Central de Atendimento ou fale pelo WhatsApp. Estamos prontos para ajudar com cuidado e transpar\u00eancia.<\/p>\n\n\n\n\n\t\t<style>\n\t\t\t@media(max-width:767px){\n\t\t\t\t.container-btns-post > * {\n\t\t\t\t\tmargin: 0 auto\n\t\t\t\t}\n\t\t\t}\n\t\t<\/style>\n\t\t<div class='container-btns-post' style='display: flex; gap: 15px; align-items: center; flex-wrap: wrap'>\n\t\t\t<a class='phone-number' href='tel:01131630912'>11 3163-0912<\/a><a class='whatsapp-number' target='_blank' href='https:\/\/wa.me\/551131630123?text=Estou%20no%20site%20Velar%20SP%20Funer%C3%A1ria%20e%20gostaria%20de%20mais%20informa%C3%A7%C3%B5es.%5Cn%5Cn%2A%5BAtendimento%20%230912-POST%5D%2A'>11 3163-0123<\/a>\n\t\t<\/div>\n\n\n\n<p><\/p>\n","protected":false},"excerpt":{"rendered":"<p>Mais do que um local destinado ao sepultamento, o Cemit\u00e9rio da Quarta Parada S\u00e3o Paulo \u00e9 um espa\u00e7o que carrega hist\u00f3ria, mem\u00f3ria e significado para muitas fam\u00edlias. Em momentos de perda, buscar informa\u00e7\u00f5es claras e acess\u00edveis faz diferen\u00e7a, pois ajuda a reduzir inseguran\u00e7as e permite que as decis\u00f5es sejam tomadas com mais tranquilidade. Nesse contexto, [&hellip;]<\/p>\n","protected":false},"author":2,"featured_media":314,"comment_status":"open","ping_status":"open","sticky":false,"template":"","format":"standard","meta":{"footnotes":""},"categories":[1],"tags":[],"class_list":["post-309","post","type-post","status-publish","format-standard","has-post-thumbnail","hentry","category-sem-categoria"],"yoast_head":"<!-- This site is optimized with the Yoast SEO plugin v26.8 - https:\/\/yoast.com\/product\/yoast-seo-wordpress\/ -->\n<title>Cemit\u00e9rio da Quarta Parada S\u00e3o Paulo Zona Leste<\/title>\n<meta name=\"description\" content=\"Cemit\u00e9rio da Quarta Parada S\u00e3o Paulo: servi\u00e7os, valores m\u00e9dios e orienta\u00e7\u00f5es importantes para fam\u00edlias, com informa\u00e7\u00e3o clara e respeitosa.\" \/>\n<meta name=\"robots\" content=\"noindex, follow, max-snippet:-1, max-image-preview:large, max-video-preview:-1\" \/>\n<meta property=\"og:locale\" content=\"pt_BR\" \/>\n<meta property=\"og:type\" content=\"article\" \/>\n<meta property=\"og:title\" content=\"Cemit\u00e9rio da Quarta Parada S\u00e3o Paulo Zona Leste\" \/>\n<meta property=\"og:description\" content=\"Cemit\u00e9rio da Quarta Parada S\u00e3o Paulo: servi\u00e7os, valores m\u00e9dios e orienta\u00e7\u00f5es importantes para fam\u00edlias, com informa\u00e7\u00e3o clara e respeitosa.\" \/>\n<meta property=\"og:url\" content=\"https:\/\/velarspfuneraria.com.br\/blog\/cemiterio-da-quarta-parada-sao-paulo\/\" \/>\n<meta property=\"og:site_name\" content=\"Velar SP Funer\u00e1ria\" \/>\n<meta property=\"article:published_time\" content=\"2026-02-06T16:57:51+00:00\" \/>\n<meta property=\"article:modified_time\" content=\"2026-02-06T17:00:49+00:00\" \/>\n<meta property=\"og:image\" content=\"https:\/\/velarspfuneraria.com.br\/blog\/wp-content\/uploads\/2026\/02\/view-graves-cemetery-1-scaled.jpg\" \/>\n\t<meta property=\"og:image:width\" content=\"2560\" \/>\n\t<meta property=\"og:image:height\" content=\"1707\" \/>\n\t<meta property=\"og:image:type\" content=\"image\/jpeg\" \/>\n<meta name=\"author\" content=\"Rafaela\" \/>\n<meta name=\"twitter:card\" content=\"summary_large_image\" \/>\n<meta name=\"twitter:label1\" content=\"Escrito por\" \/>\n\t<meta name=\"twitter:data1\" content=\"Rafaela\" \/>\n\t<meta name=\"twitter:label2\" content=\"Est. tempo de leitura\" \/>\n\t<meta name=\"twitter:data2\" content=\"5 minutos\" \/>\n<script type=\"application\/ld+json\" class=\"yoast-schema-graph\">{\"@context\":\"https:\/\/schema.org\",\"@graph\":[{\"@type\":\"Article\",\"@id\":\"https:\/\/velarspfuneraria.com.br\/blog\/cemiterio-da-quarta-parada-sao-paulo\/#article\",\"isPartOf\":{\"@id\":\"https:\/\/velarspfuneraria.com.br\/blog\/cemiterio-da-quarta-parada-sao-paulo\/\"},\"author\":{\"name\":\"Rafaela\",\"@id\":\"https:\/\/velarspfuneraria.com.br\/blog\/#\/schema\/person\/8d2def147a66049df56b513bf35778fe\"},\"headline\":\"Cemit\u00e9rio da Quarta Parada S\u00e3o Paulo: informa\u00e7\u00f5es essenciais para fam\u00edlias\",\"datePublished\":\"2026-02-06T16:57:51+00:00\",\"dateModified\":\"2026-02-06T17:00:49+00:00\",\"mainEntityOfPage\":{\"@id\":\"https:\/\/velarspfuneraria.com.br\/blog\/cemiterio-da-quarta-parada-sao-paulo\/\"},\"wordCount\":869,\"commentCount\":0,\"image\":{\"@id\":\"https:\/\/velarspfuneraria.com.br\/blog\/cemiterio-da-quarta-parada-sao-paulo\/#primaryimage\"},\"thumbnailUrl\":\"https:\/\/velarspfuneraria.com.br\/blog\/wp-content\/uploads\/2026\/02\/view-graves-cemetery-1-scaled.jpg\",\"inLanguage\":\"pt-BR\",\"potentialAction\":[{\"@type\":\"CommentAction\",\"name\":\"Comment\",\"target\":[\"https:\/\/velarspfuneraria.com.br\/blog\/cemiterio-da-quarta-parada-sao-paulo\/#respond\"]}]},{\"@type\":\"WebPage\",\"@id\":\"https:\/\/velarspfuneraria.com.br\/blog\/cemiterio-da-quarta-parada-sao-paulo\/\",\"url\":\"https:\/\/velarspfuneraria.com.br\/blog\/cemiterio-da-quarta-parada-sao-paulo\/\",\"name\":\"Cemit\u00e9rio da Quarta Parada S\u00e3o Paulo Zona Leste\",\"isPartOf\":{\"@id\":\"https:\/\/velarspfuneraria.com.br\/blog\/#website\"},\"primaryImageOfPage\":{\"@id\":\"https:\/\/velarspfuneraria.com.br\/blog\/cemiterio-da-quarta-parada-sao-paulo\/#primaryimage\"},\"image\":{\"@id\":\"https:\/\/velarspfuneraria.com.br\/blog\/cemiterio-da-quarta-parada-sao-paulo\/#primaryimage\"},\"thumbnailUrl\":\"https:\/\/velarspfuneraria.com.br\/blog\/wp-content\/uploads\/2026\/02\/view-graves-cemetery-1-scaled.jpg\",\"datePublished\":\"2026-02-06T16:57:51+00:00\",\"dateModified\":\"2026-02-06T17:00:49+00:00\",\"author\":{\"@id\":\"https:\/\/velarspfuneraria.com.br\/blog\/#\/schema\/person\/8d2def147a66049df56b513bf35778fe\"},\"description\":\"Cemit\u00e9rio da Quarta Parada S\u00e3o Paulo: servi\u00e7os, valores m\u00e9dios e orienta\u00e7\u00f5es importantes para fam\u00edlias, com informa\u00e7\u00e3o clara e respeitosa.\",\"breadcrumb\":{\"@id\":\"https:\/\/velarspfuneraria.com.br\/blog\/cemiterio-da-quarta-parada-sao-paulo\/#breadcrumb\"},\"inLanguage\":\"pt-BR\",\"potentialAction\":[{\"@type\":\"ReadAction\",\"target\":[\"https:\/\/velarspfuneraria.com.br\/blog\/cemiterio-da-quarta-parada-sao-paulo\/\"]}]},{\"@type\":\"ImageObject\",\"inLanguage\":\"pt-BR\",\"@id\":\"https:\/\/velarspfuneraria.com.br\/blog\/cemiterio-da-quarta-parada-sao-paulo\/#primaryimage\",\"url\":\"https:\/\/velarspfuneraria.com.br\/blog\/wp-content\/uploads\/2026\/02\/view-graves-cemetery-1-scaled.jpg\",\"contentUrl\":\"https:\/\/velarspfuneraria.com.br\/blog\/wp-content\/uploads\/2026\/02\/view-graves-cemetery-1-scaled.jpg\",\"width\":2560,\"height\":1707,\"caption\":\"Cemit\u00e9rio da Quarta Parada S\u00e3o Paulo Zona Leste\"},{\"@type\":\"BreadcrumbList\",\"@id\":\"https:\/\/velarspfuneraria.com.br\/blog\/cemiterio-da-quarta-parada-sao-paulo\/#breadcrumb\",\"itemListElement\":[{\"@type\":\"ListItem\",\"position\":1,\"name\":\"In\u00edcio\",\"item\":\"https:\/\/velarspfuneraria.com.br\/blog\/\"},{\"@type\":\"ListItem\",\"position\":2,\"name\":\"Cemit\u00e9rio da Quarta Parada S\u00e3o Paulo: informa\u00e7\u00f5es essenciais para fam\u00edlias\"}]},{\"@type\":\"WebSite\",\"@id\":\"https:\/\/velarspfuneraria.com.br\/blog\/#website\",\"url\":\"https:\/\/velarspfuneraria.com.br\/blog\/\",\"name\":\"Velar SP Funer\u00e1ria\",\"description\":\"\",\"potentialAction\":[{\"@type\":\"SearchAction\",\"target\":{\"@type\":\"EntryPoint\",\"urlTemplate\":\"https:\/\/velarspfuneraria.com.br\/blog\/?s={search_term_string}\"},\"query-input\":{\"@type\":\"PropertyValueSpecification\",\"valueRequired\":true,\"valueName\":\"search_term_string\"}}],\"inLanguage\":\"pt-BR\"},{\"@type\":\"Person\",\"@id\":\"https:\/\/velarspfuneraria.com.br\/blog\/#\/schema\/person\/8d2def147a66049df56b513bf35778fe\",\"name\":\"Rafaela\",\"image\":{\"@type\":\"ImageObject\",\"inLanguage\":\"pt-BR\",\"@id\":\"https:\/\/velarspfuneraria.com.br\/blog\/#\/schema\/person\/image\/\",\"url\":\"https:\/\/secure.gravatar.com\/avatar\/6d499a9a62f923ea2760188b4d3f0f14096efaba0b988cadddc1a7eb4725d31f?s=96&d=mm&r=g\",\"contentUrl\":\"https:\/\/secure.gravatar.com\/avatar\/6d499a9a62f923ea2760188b4d3f0f14096efaba0b988cadddc1a7eb4725d31f?s=96&d=mm&r=g\",\"caption\":\"Rafaela\"},\"url\":\"https:\/\/velarspfuneraria.com.br\/blog\/author\/rafaela\/\"}]}<\/script>\n<!-- \/ Yoast SEO plugin. -->","yoast_head_json":{"title":"Cemit\u00e9rio da Quarta Parada S\u00e3o Paulo Zona Leste","description":"Cemit\u00e9rio da Quarta Parada S\u00e3o Paulo: servi\u00e7os, valores m\u00e9dios e orienta\u00e7\u00f5es importantes para fam\u00edlias, com informa\u00e7\u00e3o clara e respeitosa.","robots":{"index":"noindex","follow":"follow","max-snippet":"max-snippet:-1","max-image-preview":"max-image-preview:large","max-video-preview":"max-video-preview:-1"},"og_locale":"pt_BR","og_type":"article","og_title":"Cemit\u00e9rio da Quarta Parada S\u00e3o Paulo Zona Leste","og_description":"Cemit\u00e9rio da Quarta Parada S\u00e3o Paulo: servi\u00e7os, valores m\u00e9dios e orienta\u00e7\u00f5es importantes para fam\u00edlias, com informa\u00e7\u00e3o clara e respeitosa.","og_url":"https:\/\/velarspfuneraria.com.br\/blog\/cemiterio-da-quarta-parada-sao-paulo\/","og_site_name":"Velar SP Funer\u00e1ria","article_published_time":"2026-02-06T16:57:51+00:00","article_modified_time":"2026-02-06T17:00:49+00:00","og_image":[{"width":2560,"height":1707,"url":"https:\/\/velarspfuneraria.com.br\/blog\/wp-content\/uploads\/2026\/02\/view-graves-cemetery-1-scaled.jpg","type":"image\/jpeg"}],"author":"Rafaela","twitter_card":"summary_large_image","twitter_misc":{"Escrito por":"Rafaela","Est. tempo de leitura":"5 minutos"},"schema":{"@context":"https:\/\/schema.org","@graph":[{"@type":"Article","@id":"https:\/\/velarspfuneraria.com.br\/blog\/cemiterio-da-quarta-parada-sao-paulo\/#article","isPartOf":{"@id":"https:\/\/velarspfuneraria.com.br\/blog\/cemiterio-da-quarta-parada-sao-paulo\/"},"author":{"name":"Rafaela","@id":"https:\/\/velarspfuneraria.com.br\/blog\/#\/schema\/person\/8d2def147a66049df56b513bf35778fe"},"headline":"Cemit\u00e9rio da Quarta Parada S\u00e3o Paulo: informa\u00e7\u00f5es essenciais para fam\u00edlias","datePublished":"2026-02-06T16:57:51+00:00","dateModified":"2026-02-06T17:00:49+00:00","mainEntityOfPage":{"@id":"https:\/\/velarspfuneraria.com.br\/blog\/cemiterio-da-quarta-parada-sao-paulo\/"},"wordCount":869,"commentCount":0,"image":{"@id":"https:\/\/velarspfuneraria.com.br\/blog\/cemiterio-da-quarta-parada-sao-paulo\/#primaryimage"},"thumbnailUrl":"https:\/\/velarspfuneraria.com.br\/blog\/wp-content\/uploads\/2026\/02\/view-graves-cemetery-1-scaled.jpg","inLanguage":"pt-BR","potentialAction":[{"@type":"CommentAction","name":"Comment","target":["https:\/\/velarspfuneraria.com.br\/blog\/cemiterio-da-quarta-parada-sao-paulo\/#respond"]}]},{"@type":"WebPage","@id":"https:\/\/velarspfuneraria.com.br\/blog\/cemiterio-da-quarta-parada-sao-paulo\/","url":"https:\/\/velarspfuneraria.com.br\/blog\/cemiterio-da-quarta-parada-sao-paulo\/","name":"Cemit\u00e9rio da Quarta Parada S\u00e3o Paulo Zona Leste","isPartOf":{"@id":"https:\/\/velarspfuneraria.com.br\/blog\/#website"},"primaryImageOfPage":{"@id":"https:\/\/velarspfuneraria.com.br\/blog\/cemiterio-da-quarta-parada-sao-paulo\/#primaryimage"},"image":{"@id":"https:\/\/velarspfuneraria.com.br\/blog\/cemiterio-da-quarta-parada-sao-paulo\/#primaryimage"},"thumbnailUrl":"https:\/\/velarspfuneraria.com.br\/blog\/wp-content\/uploads\/2026\/02\/view-graves-cemetery-1-scaled.jpg","datePublished":"2026-02-06T16:57:51+00:00","dateModified":"2026-02-06T17:00:49+00:00","author":{"@id":"https:\/\/velarspfuneraria.com.br\/blog\/#\/schema\/person\/8d2def147a66049df56b513bf35778fe"},"description":"Cemit\u00e9rio da Quarta Parada S\u00e3o Paulo: servi\u00e7os, valores m\u00e9dios e orienta\u00e7\u00f5es importantes para fam\u00edlias, com informa\u00e7\u00e3o clara e respeitosa.","breadcrumb":{"@id":"https:\/\/velarspfuneraria.com.br\/blog\/cemiterio-da-quarta-parada-sao-paulo\/#breadcrumb"},"inLanguage":"pt-BR","potentialAction":[{"@type":"ReadAction","target":["https:\/\/velarspfuneraria.com.br\/blog\/cemiterio-da-quarta-parada-sao-paulo\/"]}]},{"@type":"ImageObject","inLanguage":"pt-BR","@id":"https:\/\/velarspfuneraria.com.br\/blog\/cemiterio-da-quarta-parada-sao-paulo\/#primaryimage","url":"https:\/\/velarspfuneraria.com.br\/blog\/wp-content\/uploads\/2026\/02\/view-graves-cemetery-1-scaled.jpg","contentUrl":"https:\/\/velarspfuneraria.com.br\/blog\/wp-content\/uploads\/2026\/02\/view-graves-cemetery-1-scaled.jpg","width":2560,"height":1707,"caption":"Cemit\u00e9rio da Quarta Parada S\u00e3o Paulo Zona Leste"},{"@type":"BreadcrumbList","@id":"https:\/\/velarspfuneraria.com.br\/blog\/cemiterio-da-quarta-parada-sao-paulo\/#breadcrumb","itemListElement":[{"@type":"ListItem","position":1,"name":"In\u00edcio","item":"https:\/\/velarspfuneraria.com.br\/blog\/"},{"@type":"ListItem","position":2,"name":"Cemit\u00e9rio da Quarta Parada S\u00e3o Paulo: informa\u00e7\u00f5es essenciais para fam\u00edlias"}]},{"@type":"WebSite","@id":"https:\/\/velarspfuneraria.com.br\/blog\/#website","url":"https:\/\/velarspfuneraria.com.br\/blog\/","name":"Velar SP Funer\u00e1ria","description":"","potentialAction":[{"@type":"SearchAction","target":{"@type":"EntryPoint","urlTemplate":"https:\/\/velarspfuneraria.com.br\/blog\/?s={search_term_string}"},"query-input":{"@type":"PropertyValueSpecification","valueRequired":true,"valueName":"search_term_string"}}],"inLanguage":"pt-BR"},{"@type":"Person","@id":"https:\/\/velarspfuneraria.com.br\/blog\/#\/schema\/person\/8d2def147a66049df56b513bf35778fe","name":"Rafaela","image":{"@type":"ImageObject","inLanguage":"pt-BR","@id":"https:\/\/velarspfuneraria.com.br\/blog\/#\/schema\/person\/image\/","url":"https:\/\/secure.gravatar.com\/avatar\/6d499a9a62f923ea2760188b4d3f0f14096efaba0b988cadddc1a7eb4725d31f?s=96&d=mm&r=g","contentUrl":"https:\/\/secure.gravatar.com\/avatar\/6d499a9a62f923ea2760188b4d3f0f14096efaba0b988cadddc1a7eb4725d31f?s=96&d=mm&r=g","caption":"Rafaela"},"url":"https:\/\/velarspfuneraria.com.br\/blog\/author\/rafaela\/"}]}},"_links":{"self":[{"href":"https:\/\/velarspfuneraria.com.br\/blog\/wp-json\/wp\/v2\/posts\/309","targetHints":{"allow":["GET"]}}],"collection":[{"href":"https:\/\/velarspfuneraria.com.br\/blog\/wp-json\/wp\/v2\/posts"}],"about":[{"href":"https:\/\/velarspfuneraria.com.br\/blog\/wp-json\/wp\/v2\/types\/post"}],"author":[{"embeddable":true,"href":"https:\/\/velarspfuneraria.com.br\/blog\/wp-json\/wp\/v2\/users\/2"}],"replies":[{"embeddable":true,"href":"https:\/\/velarspfuneraria.com.br\/blog\/wp-json\/wp\/v2\/comments?post=309"}],"version-history":[{"count":6,"href":"https:\/\/velarspfuneraria.com.br\/blog\/wp-json\/wp\/v2\/posts\/309\/revisions"}],"predecessor-version":[{"id":316,"href":"https:\/\/velarspfuneraria.com.br\/blog\/wp-json\/wp\/v2\/posts\/309\/revisions\/316"}],"wp:featuredmedia":[{"embeddable":true,"href":"https:\/\/velarspfuneraria.com.br\/blog\/wp-json\/wp\/v2\/media\/314"}],"wp:attachment":[{"href":"https:\/\/velarspfuneraria.com.br\/blog\/wp-json\/wp\/v2\/media?parent=309"}],"wp:term":[{"taxonomy":"category","embeddable":true,"href":"https:\/\/velarspfuneraria.com.br\/blog\/wp-json\/wp\/v2\/categories?post=309"},{"taxonomy":"post_tag","embeddable":true,"href":"https:\/\/velarspfuneraria.com.br\/blog\/wp-json\/wp\/v2\/tags?post=309"}],"curies":[{"name":"wp","href":"https:\/\/api.w.org\/{rel}","templated":true}]}}