{"id":317,"date":"2026-02-06T15:48:11","date_gmt":"2026-02-06T18:48:11","guid":{"rendered":"https:\/\/velarspfuneraria.com.br\/blog\/?p=317"},"modified":"2026-02-06T16:21:08","modified_gmt":"2026-02-06T19:21:08","slug":"cemiterio-araca-servicos-planejamento","status":"publish","type":"post","link":"https:\/\/velarspfuneraria.com.br\/blog\/cemiterio-araca-servicos-planejamento\/","title":{"rendered":"Cemit\u00e9rio Ara\u00e7\u00e1: Guia Completo e Servi\u00e7os Dispon\u00edveis"},"content":{"rendered":"\n<p>O <strong>Cemit\u00e9rio Ara\u00e7\u00e1<\/strong> \u00e9 um espa\u00e7o acolhedor e seguro para fam\u00edlias que precisam organizar um sepultamento com dignidade. <strong>Localizado na zona norte de S\u00e3o Paulo<\/strong>, o cemit\u00e9rio oferece f\u00e1cil acesso tanto por transporte p\u00fablico quanto por carro, com estacionamento interno dispon\u00edvel. Al\u00e9m disso, o local proporciona infraestrutura completa e orienta\u00e7\u00e3o especializada para que cada etapa seja clara e tranquila.<\/p>\n\n\n\n<p>Compreender como funciona o sepultamento no Cemit\u00e9rio Ara\u00e7\u00e1 ajuda a reduzir a ansiedade e a tomar decis\u00f5es conscientes. Dessa forma, a fam\u00edlia consegue acompanhar o processo de forma organizada, desde a escolha do jazigo at\u00e9 a cerim\u00f4nia final, respeitando valores, cren\u00e7as e desejos do falecido.<\/p>\n\n\n\n<h2 class=\"wp-block-heading\">Como funciona o Cemit\u00e9rio Ara\u00e7\u00e1<\/h2>\n\n\n\n<p>O <strong>Cemit\u00e9rio Ara\u00e7\u00e1<\/strong> oferece diferentes tipos de sepultamento, incluindo <strong>jazigos tradicionais<\/strong>, <strong>nichos verticais<\/strong>, <strong>t\u00famulos familiares<\/strong> e \u00e1reas destinadas \u00e0 <strong>crema\u00e7\u00e3o<\/strong>. Assim, a fam\u00edlia pode escolher a op\u00e7\u00e3o que melhor se adapta \u00e0s suas necessidades e \u00e0 estrutura dispon\u00edvel.<\/p>\n\n\n\n<p>Quando ocorre um falecimento, a fam\u00edlia inicia o processo emitindo a <a href=\"https:\/\/velarspfuneraria.com.br\/blog\/documentos-para-sepultamento\/\" type=\"link\" id=\"https:\/\/velarspfuneraria.com.br\/blog\/documentos-para-sepultamento\/\">certid\u00e3o de \u00f3bito<\/a> e definindo como ser\u00e1 a despedida. Em seguida, decide sobre o vel\u00f3rio, a cerim\u00f4nia e o traslado. A equipe do cemit\u00e9rio orienta cada etapa, garantindo que os tr\u00e2mites legais e sanit\u00e1rios sejam cumpridos. Dessa forma, a fam\u00edlia consegue se concentrar no acolhimento emocional e prestar uma homenagem significativa ao ente querido.<\/p>\n\n\n\n<p>Al\u00e9m disso, o cemit\u00e9rio conta com \u00e1reas verdes, salas climatizadas e ambientes preparados para cerim\u00f4nias religiosas ou laicas. Por isso, a despedida acontece de forma confort\u00e1vel e respeitosa, oferecendo mais tranquilidade para a fam\u00edlia e amigos.<\/p>\n\n\n\n<h2 class=\"wp-block-heading\">Custos do sepultamento e fatores que influenciam<\/h2>\n\n\n\n<p><a href=\"https:\/\/velarspfuneraria.com.br\/blog\/comprar-jazigo-no-cemiterio\/\" type=\"link\" id=\"https:\/\/velarspfuneraria.com.br\/blog\/comprar-jazigo-no-cemiterio\/\"><strong>Os valores no Cemit\u00e9rio Ara\u00e7\u00e1 variam entre<\/strong> <strong>R$2.500 e R$6.000<\/strong>,<\/a> dependendo do tipo de jazigo, da localiza\u00e7\u00e3o dentro do cemit\u00e9rio e dos servi\u00e7os adicionais escolhidos. Jazigos perp\u00e9tuos t\u00eam pre\u00e7os diferentes de jazigos tempor\u00e1rios ou nichos verticais.<\/p>\n\n\n\n<p>Al\u00e9m do jazigo, itens como urna funer\u00e1ria, prepara\u00e7\u00e3o do corpo, flores e cerim\u00f4nia impactam o custo final. Por esse motivo, a fam\u00edlia pode adaptar as escolhas conforme sua realidade financeira, mantendo o respeito e a dignidade no momento da despedida.<\/p>\n\n\n\n<p>Tamb\u00e9m \u00e9 importante considerar taxas do cemit\u00e9rio e documenta\u00e7\u00e3o obrigat\u00f3ria. Com orienta\u00e7\u00e3o adequada, a fam\u00edlia consegue organizar todo o processo de forma segura e sem imprevistos.<\/p>\n\n\n\n<h2 class=\"wp-block-heading\">Como escolher o Cemit\u00e9rio Ara\u00e7\u00e1 e chegar ao local<\/h2>\n\n\n\n<p>Ao escolher o cemit\u00e9rio, \u00e9 importante avaliar a <strong>proximidade com a resid\u00eancia<\/strong>, a infraestrutura e os servi\u00e7os oferecidos. O <strong>Cemit\u00e9rio Ara\u00e7\u00e1<\/strong> est\u00e1 localizado na zona norte de S\u00e3o Paulo, pr\u00f3ximo \u00e0 <strong>Avenida Cruzeiro do Sul<\/strong>, e \u00e9 acess\u00edvel tanto de carro quanto por transporte p\u00fablico.<\/p>\n\n\n\n<p>Se for de carro, o acesso \u00e9 feito pela <strong>Av. Cruzeiro do Sul<\/strong>, seguindo as placas indicativas at\u00e9 o port\u00e3o principal. Para quem usa transporte p\u00fablico, v\u00e1rias linhas de \u00f4nibus passam pr\u00f3ximas ao cemit\u00e9rio, tornando o deslocamento mais f\u00e1cil para familiares e amigos. O cemit\u00e9rio tamb\u00e9m oferece <strong>estacionamento interno<\/strong>, garantindo comodidade e seguran\u00e7a durante a visita.<\/p>\n\n\n\n<p>Al\u00e9m disso, a fam\u00edlia deve avaliar o tipo de jazigo ou nicho. Jazigos tradicionais oferecem mais espa\u00e7o e conforto, enquanto os nichos verticais ocupam menos \u00e1rea, sem comprometer a dignidade da despedida. T\u00famulos familiares permitem que v\u00e1rias gera\u00e7\u00f5es sejam sepultadas no mesmo local, mantendo a tradi\u00e7\u00e3o da fam\u00edlia.<\/p>\n\n\n\n<p><a href=\"https:\/\/cemiteriodesantana.com\/\" type=\"link\" id=\"https:\/\/cemiteriodesantana.com\/\">Dessa forma, ao definir cada detalhe, a equipe do cemit\u00e9rio orienta sobre vel\u00f3rio, traslado, cerim\u00f4nia e documenta\u00e7\u00e3o, permitindo que a fam\u00edlia tome decis\u00f5es conscientes sem sobrecarga emocional.<\/a><\/p>\n\n\n\n<h2 class=\"wp-block-heading\">D\u00favidas frequentes sobre o Cemit\u00e9rio Ara\u00e7\u00e1<\/h2>\n\n\n\n<p><strong>O sepultamento ocorre no mesmo dia do falecimento?<\/strong><br>Na maioria dos casos, sim. A fam\u00edlia define o hor\u00e1rio assim que libera os documentos e confirma a disponibilidade do cemit\u00e9rio.<\/p>\n\n\n\n<p><strong>\u00c9 poss\u00edvel realizar cerim\u00f4nia religiosa ou laica?<\/strong><br>Sim. A fam\u00edlia escolhe se a despedida seguir\u00e1 tradi\u00e7\u00f5es religiosas ou ser\u00e1 realizada de forma laica, conforme suas cren\u00e7as e prefer\u00eancias.<\/p>\n\n\n\n<p><strong>Qual a diferen\u00e7a entre jazigo tradicional, t\u00famulo familiar e nicho vertical?<\/strong><br>O jazigo tradicional fica no solo e oferece mais espa\u00e7o, o t\u00famulo familiar comporta v\u00e1rias pessoas da mesma fam\u00edlia, e o nicho vertical utiliza espa\u00e7o acima do solo. A escolha depende da estrutura desejada e da decis\u00e3o familiar.<\/p>\n\n\n\n<p><strong>Quais servi\u00e7os o Cemit\u00e9rio Ara\u00e7\u00e1 oferece?<\/strong><\/p>\n\n\n\n<p>O cemit\u00e9rio oferece prepara\u00e7\u00e3o do corpo, vel\u00f3rio e traslado. Al\u00e9m disso, possui espa\u00e7o para cerim\u00f4nias religiosas ou laicas. Tamb\u00e9m disponibiliza jazigos, t\u00famulos familiares e nichos verticais. Por fim, orienta sobre documenta\u00e7\u00e3o e tr\u00e2mites legais, garantindo que o processo seja seguro e tranquilo.<\/p>\n\n\n\n<p>O <strong>Cemit\u00e9rio Ara\u00e7\u00e1<\/strong> oferece um ambiente seguro, acolhedor e organizado para organizar sepultamentos. Com servi\u00e7os completos e equipe experiente, cada etapa acontece de forma tranquila, respeitosa e clara.<\/p>\n\n\n\n<p>Por esse motivo, conhecer o funcionamento do cemit\u00e9rio, os tipos de jazigo, os servi\u00e7os e como chegar ao local ajuda a reduzir a ansiedade e tornar a despedida mais serena. Al\u00e9m disso, a equipe do <strong>Cemit\u00e9rio Ara\u00e7\u00e1<\/strong> orienta a fam\u00edlia com cuidado, aten\u00e7\u00e3o e sensibilidade, garantindo que todas as decis\u00f5es sejam tomadas com clareza e seguran\u00e7a.<\/p>\n\n\n\n<p>Se voc\u00ea precisa de orienta\u00e7\u00e3o, or\u00e7amento ou atendimento humanizado, entre em contato conosco pela nossa Central de Atendimento ou fale pelo WhatsApp. Estamos prontos para ajudar com cuidado e transpar\u00eancia.<\/p>\n\n\n\n<p>\n\t\t<style>\n\t\t\t@media(max-width:767px){\n\t\t\t\t.container-btns-post > * {\n\t\t\t\t\tmargin: 0 auto\n\t\t\t\t}\n\t\t\t}\n\t\t<\/style>\n\t\t<div class='container-btns-post' style='display: flex; gap: 15px; align-items: center; flex-wrap: wrap'>\n\t\t\t<a class='phone-number' href='tel:01131630912'>11 3163-0912<\/a><a class='whatsapp-number' target='_blank' href='https:\/\/wa.me\/551131630123?text=Estou%20no%20site%20Velar%20SP%20Funer%C3%A1ria%20e%20gostaria%20de%20mais%20informa%C3%A7%C3%B5es.%5Cn%5Cn%2A%5BAtendimento%20%230912-POST%5D%2A'>11 3163-0123<\/a>\n\t\t<\/div><br><\/p>\n\n\n\n<p><\/p>\n\n\n\n<p><br><\/p>\n\n\n\n<p><\/p>\n","protected":false},"excerpt":{"rendered":"<p>O Cemit\u00e9rio Ara\u00e7\u00e1 \u00e9 um espa\u00e7o acolhedor e seguro para fam\u00edlias que precisam organizar um sepultamento com dignidade. Localizado na zona norte de S\u00e3o Paulo, o cemit\u00e9rio oferece f\u00e1cil acesso tanto por transporte p\u00fablico quanto por carro, com estacionamento interno dispon\u00edvel. Al\u00e9m disso, o local proporciona infraestrutura completa e orienta\u00e7\u00e3o especializada para que cada etapa [&hellip;]<\/p>\n","protected":false},"author":2,"featured_media":319,"comment_status":"open","ping_status":"open","sticky":false,"template":"","format":"standard","meta":{"footnotes":""},"categories":[1],"tags":[],"class_list":["post-317","post","type-post","status-publish","format-standard","has-post-thumbnail","hentry","category-sem-categoria"],"yoast_head":"<!-- This site is optimized with the Yoast SEO plugin v26.8 - https:\/\/yoast.com\/product\/yoast-seo-wordpress\/ -->\n<title>Cemit\u00e9rio Ara\u00e7\u00e1: Guia Completo e Servi\u00e7os Dispon\u00edveis<\/title>\n<meta name=\"description\" content=\"Saiba como funciona o Cemit\u00e9rio Ara\u00e7\u00e1, valores, localiza\u00e7\u00e3o e servi\u00e7os. Planeje o sepultamento com cuidado e tranquilidade.\" \/>\n<meta name=\"robots\" content=\"noindex, follow, max-snippet:-1, max-image-preview:large, max-video-preview:-1\" \/>\n<meta property=\"og:locale\" content=\"pt_BR\" \/>\n<meta property=\"og:type\" content=\"article\" \/>\n<meta property=\"og:title\" content=\"Cemit\u00e9rio Ara\u00e7\u00e1: Guia Completo e Servi\u00e7os Dispon\u00edveis\" \/>\n<meta property=\"og:description\" content=\"Saiba como funciona o Cemit\u00e9rio Ara\u00e7\u00e1, valores, localiza\u00e7\u00e3o e servi\u00e7os. Planeje o sepultamento com cuidado e tranquilidade.\" \/>\n<meta property=\"og:url\" content=\"https:\/\/velarspfuneraria.com.br\/blog\/cemiterio-araca-servicos-planejamento\/\" \/>\n<meta property=\"og:site_name\" content=\"Velar SP Funer\u00e1ria\" \/>\n<meta property=\"article:published_time\" content=\"2026-02-06T18:48:11+00:00\" \/>\n<meta property=\"article:modified_time\" content=\"2026-02-06T19:21:08+00:00\" \/>\n<meta property=\"og:image\" content=\"https:\/\/velarspfuneraria.com.br\/blog\/wp-content\/uploads\/2026\/02\/family-visiting-grave-loved-one-5-scaled.jpg\" \/>\n\t<meta property=\"og:image:width\" content=\"2560\" \/>\n\t<meta property=\"og:image:height\" content=\"1707\" \/>\n\t<meta property=\"og:image:type\" content=\"image\/jpeg\" \/>\n<meta name=\"author\" content=\"Rafaela\" \/>\n<meta name=\"twitter:card\" content=\"summary_large_image\" \/>\n<meta name=\"twitter:label1\" content=\"Escrito por\" \/>\n\t<meta name=\"twitter:data1\" content=\"Rafaela\" \/>\n\t<meta name=\"twitter:label2\" content=\"Est. tempo de leitura\" \/>\n\t<meta name=\"twitter:data2\" content=\"5 minutos\" \/>\n<script type=\"application\/ld+json\" class=\"yoast-schema-graph\">{\"@context\":\"https:\/\/schema.org\",\"@graph\":[{\"@type\":\"Article\",\"@id\":\"https:\/\/velarspfuneraria.com.br\/blog\/cemiterio-araca-servicos-planejamento\/#article\",\"isPartOf\":{\"@id\":\"https:\/\/velarspfuneraria.com.br\/blog\/cemiterio-araca-servicos-planejamento\/\"},\"author\":{\"name\":\"Rafaela\",\"@id\":\"https:\/\/velarspfuneraria.com.br\/blog\/#\/schema\/person\/8d2def147a66049df56b513bf35778fe\"},\"headline\":\"Cemit\u00e9rio Ara\u00e7\u00e1: Guia Completo e Servi\u00e7os Dispon\u00edveis\",\"datePublished\":\"2026-02-06T18:48:11+00:00\",\"dateModified\":\"2026-02-06T19:21:08+00:00\",\"mainEntityOfPage\":{\"@id\":\"https:\/\/velarspfuneraria.com.br\/blog\/cemiterio-araca-servicos-planejamento\/\"},\"wordCount\":948,\"commentCount\":0,\"image\":{\"@id\":\"https:\/\/velarspfuneraria.com.br\/blog\/cemiterio-araca-servicos-planejamento\/#primaryimage\"},\"thumbnailUrl\":\"https:\/\/velarspfuneraria.com.br\/blog\/wp-content\/uploads\/2026\/02\/family-visiting-grave-loved-one-5-scaled.jpg\",\"inLanguage\":\"pt-BR\",\"potentialAction\":[{\"@type\":\"CommentAction\",\"name\":\"Comment\",\"target\":[\"https:\/\/velarspfuneraria.com.br\/blog\/cemiterio-araca-servicos-planejamento\/#respond\"]}]},{\"@type\":\"WebPage\",\"@id\":\"https:\/\/velarspfuneraria.com.br\/blog\/cemiterio-araca-servicos-planejamento\/\",\"url\":\"https:\/\/velarspfuneraria.com.br\/blog\/cemiterio-araca-servicos-planejamento\/\",\"name\":\"Cemit\u00e9rio Ara\u00e7\u00e1: Guia Completo e Servi\u00e7os Dispon\u00edveis\",\"isPartOf\":{\"@id\":\"https:\/\/velarspfuneraria.com.br\/blog\/#website\"},\"primaryImageOfPage\":{\"@id\":\"https:\/\/velarspfuneraria.com.br\/blog\/cemiterio-araca-servicos-planejamento\/#primaryimage\"},\"image\":{\"@id\":\"https:\/\/velarspfuneraria.com.br\/blog\/cemiterio-araca-servicos-planejamento\/#primaryimage\"},\"thumbnailUrl\":\"https:\/\/velarspfuneraria.com.br\/blog\/wp-content\/uploads\/2026\/02\/family-visiting-grave-loved-one-5-scaled.jpg\",\"datePublished\":\"2026-02-06T18:48:11+00:00\",\"dateModified\":\"2026-02-06T19:21:08+00:00\",\"author\":{\"@id\":\"https:\/\/velarspfuneraria.com.br\/blog\/#\/schema\/person\/8d2def147a66049df56b513bf35778fe\"},\"description\":\"Saiba como funciona o Cemit\u00e9rio Ara\u00e7\u00e1, valores, localiza\u00e7\u00e3o e servi\u00e7os. Planeje o sepultamento com cuidado e tranquilidade.\",\"breadcrumb\":{\"@id\":\"https:\/\/velarspfuneraria.com.br\/blog\/cemiterio-araca-servicos-planejamento\/#breadcrumb\"},\"inLanguage\":\"pt-BR\",\"potentialAction\":[{\"@type\":\"ReadAction\",\"target\":[\"https:\/\/velarspfuneraria.com.br\/blog\/cemiterio-araca-servicos-planejamento\/\"]}]},{\"@type\":\"ImageObject\",\"inLanguage\":\"pt-BR\",\"@id\":\"https:\/\/velarspfuneraria.com.br\/blog\/cemiterio-araca-servicos-planejamento\/#primaryimage\",\"url\":\"https:\/\/velarspfuneraria.com.br\/blog\/wp-content\/uploads\/2026\/02\/family-visiting-grave-loved-one-5-scaled.jpg\",\"contentUrl\":\"https:\/\/velarspfuneraria.com.br\/blog\/wp-content\/uploads\/2026\/02\/family-visiting-grave-loved-one-5-scaled.jpg\",\"width\":2560,\"height\":1707,\"caption\":\"Cemit\u00e9rio Ara\u00e7\u00e1: Guia Completo e Servi\u00e7os Dispon\u00edveis\"},{\"@type\":\"BreadcrumbList\",\"@id\":\"https:\/\/velarspfuneraria.com.br\/blog\/cemiterio-araca-servicos-planejamento\/#breadcrumb\",\"itemListElement\":[{\"@type\":\"ListItem\",\"position\":1,\"name\":\"In\u00edcio\",\"item\":\"https:\/\/velarspfuneraria.com.br\/blog\/\"},{\"@type\":\"ListItem\",\"position\":2,\"name\":\"Cemit\u00e9rio Ara\u00e7\u00e1: Guia Completo e Servi\u00e7os Dispon\u00edveis\"}]},{\"@type\":\"WebSite\",\"@id\":\"https:\/\/velarspfuneraria.com.br\/blog\/#website\",\"url\":\"https:\/\/velarspfuneraria.com.br\/blog\/\",\"name\":\"Velar SP Funer\u00e1ria\",\"description\":\"\",\"potentialAction\":[{\"@type\":\"SearchAction\",\"target\":{\"@type\":\"EntryPoint\",\"urlTemplate\":\"https:\/\/velarspfuneraria.com.br\/blog\/?s={search_term_string}\"},\"query-input\":{\"@type\":\"PropertyValueSpecification\",\"valueRequired\":true,\"valueName\":\"search_term_string\"}}],\"inLanguage\":\"pt-BR\"},{\"@type\":\"Person\",\"@id\":\"https:\/\/velarspfuneraria.com.br\/blog\/#\/schema\/person\/8d2def147a66049df56b513bf35778fe\",\"name\":\"Rafaela\",\"image\":{\"@type\":\"ImageObject\",\"inLanguage\":\"pt-BR\",\"@id\":\"https:\/\/velarspfuneraria.com.br\/blog\/#\/schema\/person\/image\/\",\"url\":\"https:\/\/secure.gravatar.com\/avatar\/6d499a9a62f923ea2760188b4d3f0f14096efaba0b988cadddc1a7eb4725d31f?s=96&d=mm&r=g\",\"contentUrl\":\"https:\/\/secure.gravatar.com\/avatar\/6d499a9a62f923ea2760188b4d3f0f14096efaba0b988cadddc1a7eb4725d31f?s=96&d=mm&r=g\",\"caption\":\"Rafaela\"},\"url\":\"https:\/\/velarspfuneraria.com.br\/blog\/author\/rafaela\/\"}]}<\/script>\n<!-- \/ Yoast SEO plugin. -->","yoast_head_json":{"title":"Cemit\u00e9rio Ara\u00e7\u00e1: Guia Completo e Servi\u00e7os Dispon\u00edveis","description":"Saiba como funciona o Cemit\u00e9rio Ara\u00e7\u00e1, valores, localiza\u00e7\u00e3o e servi\u00e7os. Planeje o sepultamento com cuidado e tranquilidade.","robots":{"index":"noindex","follow":"follow","max-snippet":"max-snippet:-1","max-image-preview":"max-image-preview:large","max-video-preview":"max-video-preview:-1"},"og_locale":"pt_BR","og_type":"article","og_title":"Cemit\u00e9rio Ara\u00e7\u00e1: Guia Completo e Servi\u00e7os Dispon\u00edveis","og_description":"Saiba como funciona o Cemit\u00e9rio Ara\u00e7\u00e1, valores, localiza\u00e7\u00e3o e servi\u00e7os. Planeje o sepultamento com cuidado e tranquilidade.","og_url":"https:\/\/velarspfuneraria.com.br\/blog\/cemiterio-araca-servicos-planejamento\/","og_site_name":"Velar SP Funer\u00e1ria","article_published_time":"2026-02-06T18:48:11+00:00","article_modified_time":"2026-02-06T19:21:08+00:00","og_image":[{"width":2560,"height":1707,"url":"https:\/\/velarspfuneraria.com.br\/blog\/wp-content\/uploads\/2026\/02\/family-visiting-grave-loved-one-5-scaled.jpg","type":"image\/jpeg"}],"author":"Rafaela","twitter_card":"summary_large_image","twitter_misc":{"Escrito por":"Rafaela","Est. tempo de leitura":"5 minutos"},"schema":{"@context":"https:\/\/schema.org","@graph":[{"@type":"Article","@id":"https:\/\/velarspfuneraria.com.br\/blog\/cemiterio-araca-servicos-planejamento\/#article","isPartOf":{"@id":"https:\/\/velarspfuneraria.com.br\/blog\/cemiterio-araca-servicos-planejamento\/"},"author":{"name":"Rafaela","@id":"https:\/\/velarspfuneraria.com.br\/blog\/#\/schema\/person\/8d2def147a66049df56b513bf35778fe"},"headline":"Cemit\u00e9rio Ara\u00e7\u00e1: Guia Completo e Servi\u00e7os Dispon\u00edveis","datePublished":"2026-02-06T18:48:11+00:00","dateModified":"2026-02-06T19:21:08+00:00","mainEntityOfPage":{"@id":"https:\/\/velarspfuneraria.com.br\/blog\/cemiterio-araca-servicos-planejamento\/"},"wordCount":948,"commentCount":0,"image":{"@id":"https:\/\/velarspfuneraria.com.br\/blog\/cemiterio-araca-servicos-planejamento\/#primaryimage"},"thumbnailUrl":"https:\/\/velarspfuneraria.com.br\/blog\/wp-content\/uploads\/2026\/02\/family-visiting-grave-loved-one-5-scaled.jpg","inLanguage":"pt-BR","potentialAction":[{"@type":"CommentAction","name":"Comment","target":["https:\/\/velarspfuneraria.com.br\/blog\/cemiterio-araca-servicos-planejamento\/#respond"]}]},{"@type":"WebPage","@id":"https:\/\/velarspfuneraria.com.br\/blog\/cemiterio-araca-servicos-planejamento\/","url":"https:\/\/velarspfuneraria.com.br\/blog\/cemiterio-araca-servicos-planejamento\/","name":"Cemit\u00e9rio Ara\u00e7\u00e1: Guia Completo e Servi\u00e7os Dispon\u00edveis","isPartOf":{"@id":"https:\/\/velarspfuneraria.com.br\/blog\/#website"},"primaryImageOfPage":{"@id":"https:\/\/velarspfuneraria.com.br\/blog\/cemiterio-araca-servicos-planejamento\/#primaryimage"},"image":{"@id":"https:\/\/velarspfuneraria.com.br\/blog\/cemiterio-araca-servicos-planejamento\/#primaryimage"},"thumbnailUrl":"https:\/\/velarspfuneraria.com.br\/blog\/wp-content\/uploads\/2026\/02\/family-visiting-grave-loved-one-5-scaled.jpg","datePublished":"2026-02-06T18:48:11+00:00","dateModified":"2026-02-06T19:21:08+00:00","author":{"@id":"https:\/\/velarspfuneraria.com.br\/blog\/#\/schema\/person\/8d2def147a66049df56b513bf35778fe"},"description":"Saiba como funciona o Cemit\u00e9rio Ara\u00e7\u00e1, valores, localiza\u00e7\u00e3o e servi\u00e7os. Planeje o sepultamento com cuidado e tranquilidade.","breadcrumb":{"@id":"https:\/\/velarspfuneraria.com.br\/blog\/cemiterio-araca-servicos-planejamento\/#breadcrumb"},"inLanguage":"pt-BR","potentialAction":[{"@type":"ReadAction","target":["https:\/\/velarspfuneraria.com.br\/blog\/cemiterio-araca-servicos-planejamento\/"]}]},{"@type":"ImageObject","inLanguage":"pt-BR","@id":"https:\/\/velarspfuneraria.com.br\/blog\/cemiterio-araca-servicos-planejamento\/#primaryimage","url":"https:\/\/velarspfuneraria.com.br\/blog\/wp-content\/uploads\/2026\/02\/family-visiting-grave-loved-one-5-scaled.jpg","contentUrl":"https:\/\/velarspfuneraria.com.br\/blog\/wp-content\/uploads\/2026\/02\/family-visiting-grave-loved-one-5-scaled.jpg","width":2560,"height":1707,"caption":"Cemit\u00e9rio Ara\u00e7\u00e1: Guia Completo e Servi\u00e7os Dispon\u00edveis"},{"@type":"BreadcrumbList","@id":"https:\/\/velarspfuneraria.com.br\/blog\/cemiterio-araca-servicos-planejamento\/#breadcrumb","itemListElement":[{"@type":"ListItem","position":1,"name":"In\u00edcio","item":"https:\/\/velarspfuneraria.com.br\/blog\/"},{"@type":"ListItem","position":2,"name":"Cemit\u00e9rio Ara\u00e7\u00e1: Guia Completo e Servi\u00e7os Dispon\u00edveis"}]},{"@type":"WebSite","@id":"https:\/\/velarspfuneraria.com.br\/blog\/#website","url":"https:\/\/velarspfuneraria.com.br\/blog\/","name":"Velar SP Funer\u00e1ria","description":"","potentialAction":[{"@type":"SearchAction","target":{"@type":"EntryPoint","urlTemplate":"https:\/\/velarspfuneraria.com.br\/blog\/?s={search_term_string}"},"query-input":{"@type":"PropertyValueSpecification","valueRequired":true,"valueName":"search_term_string"}}],"inLanguage":"pt-BR"},{"@type":"Person","@id":"https:\/\/velarspfuneraria.com.br\/blog\/#\/schema\/person\/8d2def147a66049df56b513bf35778fe","name":"Rafaela","image":{"@type":"ImageObject","inLanguage":"pt-BR","@id":"https:\/\/velarspfuneraria.com.br\/blog\/#\/schema\/person\/image\/","url":"https:\/\/secure.gravatar.com\/avatar\/6d499a9a62f923ea2760188b4d3f0f14096efaba0b988cadddc1a7eb4725d31f?s=96&d=mm&r=g","contentUrl":"https:\/\/secure.gravatar.com\/avatar\/6d499a9a62f923ea2760188b4d3f0f14096efaba0b988cadddc1a7eb4725d31f?s=96&d=mm&r=g","caption":"Rafaela"},"url":"https:\/\/velarspfuneraria.com.br\/blog\/author\/rafaela\/"}]}},"_links":{"self":[{"href":"https:\/\/velarspfuneraria.com.br\/blog\/wp-json\/wp\/v2\/posts\/317","targetHints":{"allow":["GET"]}}],"collection":[{"href":"https:\/\/velarspfuneraria.com.br\/blog\/wp-json\/wp\/v2\/posts"}],"about":[{"href":"https:\/\/velarspfuneraria.com.br\/blog\/wp-json\/wp\/v2\/types\/post"}],"author":[{"embeddable":true,"href":"https:\/\/velarspfuneraria.com.br\/blog\/wp-json\/wp\/v2\/users\/2"}],"replies":[{"embeddable":true,"href":"https:\/\/velarspfuneraria.com.br\/blog\/wp-json\/wp\/v2\/comments?post=317"}],"version-history":[{"count":2,"href":"https:\/\/velarspfuneraria.com.br\/blog\/wp-json\/wp\/v2\/posts\/317\/revisions"}],"predecessor-version":[{"id":320,"href":"https:\/\/velarspfuneraria.com.br\/blog\/wp-json\/wp\/v2\/posts\/317\/revisions\/320"}],"wp:featuredmedia":[{"embeddable":true,"href":"https:\/\/velarspfuneraria.com.br\/blog\/wp-json\/wp\/v2\/media\/319"}],"wp:attachment":[{"href":"https:\/\/velarspfuneraria.com.br\/blog\/wp-json\/wp\/v2\/media?parent=317"}],"wp:term":[{"taxonomy":"category","embeddable":true,"href":"https:\/\/velarspfuneraria.com.br\/blog\/wp-json\/wp\/v2\/categories?post=317"},{"taxonomy":"post_tag","embeddable":true,"href":"https:\/\/velarspfuneraria.com.br\/blog\/wp-json\/wp\/v2\/tags?post=317"}],"curies":[{"name":"wp","href":"https:\/\/api.w.org\/{rel}","templated":true}]}}