{"id":330,"date":"2026-02-06T17:19:17","date_gmt":"2026-02-06T20:19:17","guid":{"rendered":"https:\/\/velarspfuneraria.com.br\/blog\/?p=330"},"modified":"2026-02-09T17:00:37","modified_gmt":"2026-02-09T20:00:37","slug":"plantar-arvore-com-cinzas","status":"publish","type":"post","link":"https:\/\/velarspfuneraria.com.br\/blog\/plantar-arvore-com-cinzas\/","title":{"rendered":"Plantar uma \u00e1rvore com cinzas: homenagem afetiva e sustent\u00e1vel"},"content":{"rendered":"\n<p>Perder algu\u00e9m que amamos \u00e9 sempre um momento delicado. Encontrar formas de lidar com a dor e transformar a mem\u00f3ria em algo positivo \u00e9 um passo importante para familiares e amigos. Plantar uma \u00e1rvore com cinzas oferece essa possibilidade: unir homenagem, cuidado ambiental e lembran\u00e7a afetiva em um gesto que cresce com o tempo.<\/p>\n\n\n\n<p>Al\u00e9m de representar carinho e respeito, essa pr\u00e1tica permite que a mem\u00f3ria de quem partiu continue viva, criando um espa\u00e7o de conex\u00e3o com a natureza. Dessa forma, o luto pode se transformar em reflex\u00e3o e conforto, tornando a despedida mais significativa e acolhedora.<\/p>\n\n\n\n<p>Entender como funciona o processo, os cuidados necess\u00e1rios e os custos envolvidos ajuda a planejar a homenagem de forma segura e tranquila. Assim, os familiares podem se concentrar na lembran\u00e7a, sem preocupa\u00e7\u00f5es desnecess\u00e1rias.<\/p>\n\n\n\n<p>Muitas fam\u00edlias tamb\u00e9m encontram apoio em <strong>servi\u00e7os funer\u00e1rios especializados<\/strong>, que oferecem orienta\u00e7\u00e3o completa para realizar o plantio com seguran\u00e7a e cuidado, tornando o momento mais acolhedor e tranquilo.<\/p>\n\n\n\n<h2 class=\"wp-block-heading\">O que significa plantar uma \u00e1rvore com cinzas<\/h2>\n\n\n\n<p>Plantar uma \u00e1rvore com cinzas consiste em utilizar os restos cremados de uma pessoa ou animal para nutrir o solo e permitir que uma planta cres\u00e7a. Para isso, s\u00e3o usados recipientes espec\u00edficos ou memorial biol\u00f3gico, nos quais as cinzas s\u00e3o misturadas a fertilizantes e substratos adequados.<\/p>\n\n\n\n<p>Existem diferentes esp\u00e9cies de \u00e1rvores que podem ser escolhidas de acordo com o espa\u00e7o dispon\u00edvel, o clima e o tipo de solo. \u00c1rvores nativas s\u00e3o geralmente mais resistentes e oferecem um simbolismo de continuidade e vida.<\/p>\n\n\n\n<p>\u00c9 fundamental contar com orienta\u00e7\u00e3o especializada para garantir que a \u00e1rvore cres\u00e7a saud\u00e1vel e que as cinzas se integrem corretamente ao solo. Cada planta se torna, assim, uma lembran\u00e7a viva, capaz de acolher sentimentos e proporcionar conforto emocional aos familiares.<\/p>\n\n\n\n<p>Plantar uma \u00e1rvore com cinzas tamb\u00e9m permite que familiares e amigos compartilhem lembran\u00e7as e hist\u00f3rias durante o plantio, tornando a homenagem ainda mais afetiva e significativa.<\/p>\n\n\n\n<h2 class=\"wp-block-heading\">Custos e fatores a considerar<\/h2>\n\n\n\n<p>O valor para plantar uma \u00e1rvore com cinzas pode variar conforme a esp\u00e9cie escolhida, o tipo de memorial e os servi\u00e7os inclu\u00eddos. Entre os fatores que influenciam os custos est\u00e3o a prepara\u00e7\u00e3o do solo, a escolha do substrato, a sele\u00e7\u00e3o da \u00e1rvore, os equipamentos para as cinzas e o acompanhamento t\u00e9cnico no plantio.<\/p>\n\n\n\n<p>Outros detalhes, como irriga\u00e7\u00e3o inicial, manuten\u00e7\u00e3o da muda e localiza\u00e7\u00e3o do plantio, tamb\u00e9m podem impactar o pre\u00e7o. Por esse motivo, \u00e9 importante avaliar todas as op\u00e7\u00f5es e entender o que cada servi\u00e7o oferece, garantindo que a homenagem seja realizada de forma segura, duradoura e acolhedora.<\/p>\n\n\n\n<p><a href=\"https:\/\/velarspfuneraria.com.br\/blog\/funeraria-vila-alpina-zona-leste-sp\/\" type=\"link\" id=\"https:\/\/velarspfuneraria.com.br\/blog\/funeraria-vila-alpina-zona-leste-sp\/\"><strong>O apoio de<\/strong> <strong>atendimento funer\u00e1rio especializado<\/strong><\/a> pode ser fundamental para planejar cada etapa com cuidado e respeito, oferecendo tranquilidade para que a fam\u00edlia se concentre na mem\u00f3ria de quem partiu.<\/p>\n\n\n\n<h2 class=\"wp-block-heading\">Como escolher o servi\u00e7o ideal<\/h2>\n\n\n\n<p>Antes de plantar uma \u00e1rvore com cinzas, busque <a href=\"https:\/\/velarspfuneraria.com.br\/blog\/crematorio-vila-alpina\/\" type=\"link\" id=\"https:\/\/velarspfuneraria.com.br\/blog\/crematorio-vila-alpina\/\">servi\u00e7os<\/a> que ofere\u00e7am orienta\u00e7\u00e3o completa, acompanhamento t\u00e9cnico e suporte no plantio.<\/p>\n\n\n\n<p>\u00c9 importante considerar a experi\u00eancia da equipe respons\u00e1vel, os tipos de \u00e1rvores adequadas \u00e0 regi\u00e3o e ao espa\u00e7o dispon\u00edvel, a prepara\u00e7\u00e3o correta do solo e fertiliza\u00e7\u00e3o inicial, al\u00e9m da possibilidade de identifica\u00e7\u00e3o simb\u00f3lica da \u00e1rvore.<\/p>\n\n\n\n<p>Dessa forma, o gesto se torna afetivo e significativo, proporcionando conforto emocional e criando um memorial vivo que se renova a cada esta\u00e7\u00e3o. Contar com <strong>assessoria funer\u00e1ria<\/strong> transforma o ato de plantar em um momento de uni\u00e3o, reflex\u00e3o e cuidado para todos os envolvidos.<\/p>\n\n\n\n<h2 class=\"wp-block-heading\">D\u00favidas frequentes sobre plantar uma \u00e1rvore com cinzas<\/h2>\n\n\n\n<p><strong>Qual tipo de \u00e1rvore escolher?<\/strong><br>Escolha \u00e1rvores nativas ou esp\u00e9cies resistentes ao clima da regi\u00e3o. Elas crescem melhor, vivem por mais tempo e trazem um significado especial \u00e0 homenagem.<\/p>\n\n\n\n<p><strong>\u00c9 poss\u00edvel plantar em \u00e1reas p\u00fablicas?<\/strong><br>Plantar em \u00e1reas p\u00fablicas exige autoriza\u00e7\u00e3o, mas alguns projetos de reflorestamento aceitam memorial com cinzas. Participar desses projetos ajuda a criar uma mem\u00f3ria viva e respeitosa.<\/p>\n\n\n\n<p><strong>As cinzas prejudicam a planta?<\/strong><br>Quando voc\u00ea mistura corretamente as cinzas ao substrato, elas n\u00e3o prejudicam a \u00e1rvore. Pelo contr\u00e1rio, ajudam a enriquecer o solo e contribuem para o crescimento saud\u00e1vel da muda.<\/p>\n\n\n\n<p><strong>Quanto tempo leva para a \u00e1rvore crescer?<\/strong><br>O tempo varia conforme a esp\u00e9cie escolhida e os cuidados iniciais. Em geral, as mudas se desenvolvem plenamente nos primeiros anos, proporcionando rapidamente um espa\u00e7o de recorda\u00e7\u00e3o.<\/p>\n\n\n\n<p>Plantar uma \u00e1rvore com cinzas \u00e9 mais do que uma homenagem: \u00e9 um gesto de amor, mem\u00f3ria e cuidado com a natureza. Cada \u00e1rvore representa um ciclo de vida cont\u00ednuo, oferecendo um espa\u00e7o de recorda\u00e7\u00e3o e reflex\u00e3o que se renova com o tempo.<\/p>\n\n\n\n<p><a href=\"https:\/\/velar24h.com.br\/\" type=\"link\" id=\"https:\/\/velar24h.com.br\/\">Participar desse processo, com orienta\u00e7\u00e3o de servi\u00e7os funer\u00e1rios especializados,<\/a> permite que familiares e amigos encontrem conforto, criem mem\u00f3rias compartilhadas e transformem o luto em um ato de conex\u00e3o e acolhimento.<\/p>\n\n\n\n<p>Ao optar por essa homenagem, escolha esp\u00e9cies adequadas ao espa\u00e7o dispon\u00edvel e acompanhe o crescimento da \u00e1rvore. Dessa forma, a mem\u00f3ria de quem partiu se transforma em um legado duradouro, afetivo e sustent\u00e1vel, capaz de emocionar e acolher todos que visitarem o local.<\/p>\n\n\n\n<p>Se voc\u00ea precisa de orienta\u00e7\u00e3o, or\u00e7amento ou atendimento humanizado, entre em contato conosco pela nossa Central de Atendimento ou fale pelo WhatsApp. Estamos prontos para ajudar com cuidado e transpar\u00eancia.<\/p>\n\n\n\n\n\t\t<style>\n\t\t\t@media(max-width:767px){\n\t\t\t\t.container-btns-post > * {\n\t\t\t\t\tmargin: 0 auto\n\t\t\t\t}\n\t\t\t}\n\t\t<\/style>\n\t\t<div class='container-btns-post' style='display: flex; gap: 15px; align-items: center; flex-wrap: wrap'>\n\t\t\t<a class='phone-number' href='tel:01131630912'>11 3163-0912<\/a><a class='whatsapp-number' target='_blank' href='https:\/\/wa.me\/551131630123?text=Estou%20no%20site%20Velar%20SP%20Funer%C3%A1ria%20e%20gostaria%20de%20mais%20informa%C3%A7%C3%B5es.%5Cn%5Cn%2A%5BAtendimento%20%230912-POST%5D%2A'>11 3163-0123<\/a>\n\t\t<\/div>\n\n\n\n<p><\/p>\n\n\n\n<p><\/p>\n\n\n\n<p><\/p>\n\n\n\n<p><\/p>\n","protected":false},"excerpt":{"rendered":"<p>Perder algu\u00e9m que amamos \u00e9 sempre um momento delicado. Encontrar formas de lidar com a dor e transformar a mem\u00f3ria em algo positivo \u00e9 um passo importante para familiares e amigos. Plantar uma \u00e1rvore com cinzas oferece essa possibilidade: unir homenagem, cuidado ambiental e lembran\u00e7a afetiva em um gesto que cresce com o tempo. Al\u00e9m [&hellip;]<\/p>\n","protected":false},"author":2,"featured_media":332,"comment_status":"open","ping_status":"open","sticky":false,"template":"","format":"standard","meta":{"footnotes":""},"categories":[1],"tags":[],"class_list":["post-330","post","type-post","status-publish","format-standard","has-post-thumbnail","hentry","category-sem-categoria"],"yoast_head":"<!-- This site is optimized with the Yoast SEO plugin v26.8 - https:\/\/yoast.com\/product\/yoast-seo-wordpress\/ -->\n<title>Plantar uma \u00e1rvore com cinzas: homenagem viva<\/title>\n<meta name=\"description\" content=\"Homenageie quem partiu: plantar uma \u00e1rvore com cinzas cria mem\u00f3ria viva e simb\u00f3lica para toda a fam\u00edlia. Fale conosco.\" \/>\n<meta name=\"robots\" content=\"noindex, follow, max-snippet:-1, max-image-preview:large, max-video-preview:-1\" \/>\n<meta property=\"og:locale\" content=\"pt_BR\" \/>\n<meta property=\"og:type\" content=\"article\" \/>\n<meta property=\"og:title\" content=\"Plantar uma \u00e1rvore com cinzas: homenagem viva\" \/>\n<meta property=\"og:description\" content=\"Homenageie quem partiu: plantar uma \u00e1rvore com cinzas cria mem\u00f3ria viva e simb\u00f3lica para toda a fam\u00edlia. Fale conosco.\" \/>\n<meta property=\"og:url\" content=\"https:\/\/velarspfuneraria.com.br\/blog\/plantar-arvore-com-cinzas\/\" \/>\n<meta property=\"og:site_name\" content=\"Velar SP Funer\u00e1ria\" \/>\n<meta property=\"article:published_time\" content=\"2026-02-06T20:19:17+00:00\" \/>\n<meta property=\"article:modified_time\" content=\"2026-02-09T20:00:37+00:00\" \/>\n<meta property=\"og:image\" content=\"https:\/\/velarspfuneraria.com.br\/blog\/wp-content\/uploads\/2026\/02\/midsection-man-holding-hands-field-scaled.jpg\" \/>\n\t<meta property=\"og:image:width\" content=\"2560\" \/>\n\t<meta property=\"og:image:height\" content=\"1707\" \/>\n\t<meta property=\"og:image:type\" content=\"image\/jpeg\" \/>\n<meta name=\"author\" content=\"Rafaela\" \/>\n<meta name=\"twitter:card\" content=\"summary_large_image\" \/>\n<meta name=\"twitter:label1\" content=\"Escrito por\" \/>\n\t<meta name=\"twitter:data1\" content=\"Rafaela\" \/>\n\t<meta name=\"twitter:label2\" content=\"Est. tempo de leitura\" \/>\n\t<meta name=\"twitter:data2\" content=\"5 minutos\" \/>\n<script type=\"application\/ld+json\" class=\"yoast-schema-graph\">{\"@context\":\"https:\/\/schema.org\",\"@graph\":[{\"@type\":\"Article\",\"@id\":\"https:\/\/velarspfuneraria.com.br\/blog\/plantar-arvore-com-cinzas\/#article\",\"isPartOf\":{\"@id\":\"https:\/\/velarspfuneraria.com.br\/blog\/plantar-arvore-com-cinzas\/\"},\"author\":{\"name\":\"Rafaela\",\"@id\":\"https:\/\/velarspfuneraria.com.br\/blog\/#\/schema\/person\/8d2def147a66049df56b513bf35778fe\"},\"headline\":\"Plantar uma \u00e1rvore com cinzas: homenagem afetiva e sustent\u00e1vel\",\"datePublished\":\"2026-02-06T20:19:17+00:00\",\"dateModified\":\"2026-02-09T20:00:37+00:00\",\"mainEntityOfPage\":{\"@id\":\"https:\/\/velarspfuneraria.com.br\/blog\/plantar-arvore-com-cinzas\/\"},\"wordCount\":936,\"commentCount\":0,\"image\":{\"@id\":\"https:\/\/velarspfuneraria.com.br\/blog\/plantar-arvore-com-cinzas\/#primaryimage\"},\"thumbnailUrl\":\"https:\/\/velarspfuneraria.com.br\/blog\/wp-content\/uploads\/2026\/02\/midsection-man-holding-hands-field-scaled.jpg\",\"inLanguage\":\"pt-BR\",\"potentialAction\":[{\"@type\":\"CommentAction\",\"name\":\"Comment\",\"target\":[\"https:\/\/velarspfuneraria.com.br\/blog\/plantar-arvore-com-cinzas\/#respond\"]}]},{\"@type\":\"WebPage\",\"@id\":\"https:\/\/velarspfuneraria.com.br\/blog\/plantar-arvore-com-cinzas\/\",\"url\":\"https:\/\/velarspfuneraria.com.br\/blog\/plantar-arvore-com-cinzas\/\",\"name\":\"Plantar uma \u00e1rvore com cinzas: homenagem viva\",\"isPartOf\":{\"@id\":\"https:\/\/velarspfuneraria.com.br\/blog\/#website\"},\"primaryImageOfPage\":{\"@id\":\"https:\/\/velarspfuneraria.com.br\/blog\/plantar-arvore-com-cinzas\/#primaryimage\"},\"image\":{\"@id\":\"https:\/\/velarspfuneraria.com.br\/blog\/plantar-arvore-com-cinzas\/#primaryimage\"},\"thumbnailUrl\":\"https:\/\/velarspfuneraria.com.br\/blog\/wp-content\/uploads\/2026\/02\/midsection-man-holding-hands-field-scaled.jpg\",\"datePublished\":\"2026-02-06T20:19:17+00:00\",\"dateModified\":\"2026-02-09T20:00:37+00:00\",\"author\":{\"@id\":\"https:\/\/velarspfuneraria.com.br\/blog\/#\/schema\/person\/8d2def147a66049df56b513bf35778fe\"},\"description\":\"Homenageie quem partiu: plantar uma \u00e1rvore com cinzas cria mem\u00f3ria viva e simb\u00f3lica para toda a fam\u00edlia. Fale conosco.\",\"breadcrumb\":{\"@id\":\"https:\/\/velarspfuneraria.com.br\/blog\/plantar-arvore-com-cinzas\/#breadcrumb\"},\"inLanguage\":\"pt-BR\",\"potentialAction\":[{\"@type\":\"ReadAction\",\"target\":[\"https:\/\/velarspfuneraria.com.br\/blog\/plantar-arvore-com-cinzas\/\"]}]},{\"@type\":\"ImageObject\",\"inLanguage\":\"pt-BR\",\"@id\":\"https:\/\/velarspfuneraria.com.br\/blog\/plantar-arvore-com-cinzas\/#primaryimage\",\"url\":\"https:\/\/velarspfuneraria.com.br\/blog\/wp-content\/uploads\/2026\/02\/midsection-man-holding-hands-field-scaled.jpg\",\"contentUrl\":\"https:\/\/velarspfuneraria.com.br\/blog\/wp-content\/uploads\/2026\/02\/midsection-man-holding-hands-field-scaled.jpg\",\"width\":2560,\"height\":1707,\"caption\":\"Homenageie quem partiu: plantar uma \u00e1rvore com cinzas cria mem\u00f3ria viva e simb\u00f3lica para toda a fam\u00edlia. Fale conosco.\"},{\"@type\":\"BreadcrumbList\",\"@id\":\"https:\/\/velarspfuneraria.com.br\/blog\/plantar-arvore-com-cinzas\/#breadcrumb\",\"itemListElement\":[{\"@type\":\"ListItem\",\"position\":1,\"name\":\"In\u00edcio\",\"item\":\"https:\/\/velarspfuneraria.com.br\/blog\/\"},{\"@type\":\"ListItem\",\"position\":2,\"name\":\"Plantar uma \u00e1rvore com cinzas: homenagem afetiva e sustent\u00e1vel\"}]},{\"@type\":\"WebSite\",\"@id\":\"https:\/\/velarspfuneraria.com.br\/blog\/#website\",\"url\":\"https:\/\/velarspfuneraria.com.br\/blog\/\",\"name\":\"Velar SP Funer\u00e1ria\",\"description\":\"\",\"potentialAction\":[{\"@type\":\"SearchAction\",\"target\":{\"@type\":\"EntryPoint\",\"urlTemplate\":\"https:\/\/velarspfuneraria.com.br\/blog\/?s={search_term_string}\"},\"query-input\":{\"@type\":\"PropertyValueSpecification\",\"valueRequired\":true,\"valueName\":\"search_term_string\"}}],\"inLanguage\":\"pt-BR\"},{\"@type\":\"Person\",\"@id\":\"https:\/\/velarspfuneraria.com.br\/blog\/#\/schema\/person\/8d2def147a66049df56b513bf35778fe\",\"name\":\"Rafaela\",\"image\":{\"@type\":\"ImageObject\",\"inLanguage\":\"pt-BR\",\"@id\":\"https:\/\/velarspfuneraria.com.br\/blog\/#\/schema\/person\/image\/\",\"url\":\"https:\/\/secure.gravatar.com\/avatar\/6d499a9a62f923ea2760188b4d3f0f14096efaba0b988cadddc1a7eb4725d31f?s=96&d=mm&r=g\",\"contentUrl\":\"https:\/\/secure.gravatar.com\/avatar\/6d499a9a62f923ea2760188b4d3f0f14096efaba0b988cadddc1a7eb4725d31f?s=96&d=mm&r=g\",\"caption\":\"Rafaela\"},\"url\":\"https:\/\/velarspfuneraria.com.br\/blog\/author\/rafaela\/\"}]}<\/script>\n<!-- \/ Yoast SEO plugin. -->","yoast_head_json":{"title":"Plantar uma \u00e1rvore com cinzas: homenagem viva","description":"Homenageie quem partiu: plantar uma \u00e1rvore com cinzas cria mem\u00f3ria viva e simb\u00f3lica para toda a fam\u00edlia. Fale conosco.","robots":{"index":"noindex","follow":"follow","max-snippet":"max-snippet:-1","max-image-preview":"max-image-preview:large","max-video-preview":"max-video-preview:-1"},"og_locale":"pt_BR","og_type":"article","og_title":"Plantar uma \u00e1rvore com cinzas: homenagem viva","og_description":"Homenageie quem partiu: plantar uma \u00e1rvore com cinzas cria mem\u00f3ria viva e simb\u00f3lica para toda a fam\u00edlia. Fale conosco.","og_url":"https:\/\/velarspfuneraria.com.br\/blog\/plantar-arvore-com-cinzas\/","og_site_name":"Velar SP Funer\u00e1ria","article_published_time":"2026-02-06T20:19:17+00:00","article_modified_time":"2026-02-09T20:00:37+00:00","og_image":[{"width":2560,"height":1707,"url":"https:\/\/velarspfuneraria.com.br\/blog\/wp-content\/uploads\/2026\/02\/midsection-man-holding-hands-field-scaled.jpg","type":"image\/jpeg"}],"author":"Rafaela","twitter_card":"summary_large_image","twitter_misc":{"Escrito por":"Rafaela","Est. tempo de leitura":"5 minutos"},"schema":{"@context":"https:\/\/schema.org","@graph":[{"@type":"Article","@id":"https:\/\/velarspfuneraria.com.br\/blog\/plantar-arvore-com-cinzas\/#article","isPartOf":{"@id":"https:\/\/velarspfuneraria.com.br\/blog\/plantar-arvore-com-cinzas\/"},"author":{"name":"Rafaela","@id":"https:\/\/velarspfuneraria.com.br\/blog\/#\/schema\/person\/8d2def147a66049df56b513bf35778fe"},"headline":"Plantar uma \u00e1rvore com cinzas: homenagem afetiva e sustent\u00e1vel","datePublished":"2026-02-06T20:19:17+00:00","dateModified":"2026-02-09T20:00:37+00:00","mainEntityOfPage":{"@id":"https:\/\/velarspfuneraria.com.br\/blog\/plantar-arvore-com-cinzas\/"},"wordCount":936,"commentCount":0,"image":{"@id":"https:\/\/velarspfuneraria.com.br\/blog\/plantar-arvore-com-cinzas\/#primaryimage"},"thumbnailUrl":"https:\/\/velarspfuneraria.com.br\/blog\/wp-content\/uploads\/2026\/02\/midsection-man-holding-hands-field-scaled.jpg","inLanguage":"pt-BR","potentialAction":[{"@type":"CommentAction","name":"Comment","target":["https:\/\/velarspfuneraria.com.br\/blog\/plantar-arvore-com-cinzas\/#respond"]}]},{"@type":"WebPage","@id":"https:\/\/velarspfuneraria.com.br\/blog\/plantar-arvore-com-cinzas\/","url":"https:\/\/velarspfuneraria.com.br\/blog\/plantar-arvore-com-cinzas\/","name":"Plantar uma \u00e1rvore com cinzas: homenagem viva","isPartOf":{"@id":"https:\/\/velarspfuneraria.com.br\/blog\/#website"},"primaryImageOfPage":{"@id":"https:\/\/velarspfuneraria.com.br\/blog\/plantar-arvore-com-cinzas\/#primaryimage"},"image":{"@id":"https:\/\/velarspfuneraria.com.br\/blog\/plantar-arvore-com-cinzas\/#primaryimage"},"thumbnailUrl":"https:\/\/velarspfuneraria.com.br\/blog\/wp-content\/uploads\/2026\/02\/midsection-man-holding-hands-field-scaled.jpg","datePublished":"2026-02-06T20:19:17+00:00","dateModified":"2026-02-09T20:00:37+00:00","author":{"@id":"https:\/\/velarspfuneraria.com.br\/blog\/#\/schema\/person\/8d2def147a66049df56b513bf35778fe"},"description":"Homenageie quem partiu: plantar uma \u00e1rvore com cinzas cria mem\u00f3ria viva e simb\u00f3lica para toda a fam\u00edlia. Fale conosco.","breadcrumb":{"@id":"https:\/\/velarspfuneraria.com.br\/blog\/plantar-arvore-com-cinzas\/#breadcrumb"},"inLanguage":"pt-BR","potentialAction":[{"@type":"ReadAction","target":["https:\/\/velarspfuneraria.com.br\/blog\/plantar-arvore-com-cinzas\/"]}]},{"@type":"ImageObject","inLanguage":"pt-BR","@id":"https:\/\/velarspfuneraria.com.br\/blog\/plantar-arvore-com-cinzas\/#primaryimage","url":"https:\/\/velarspfuneraria.com.br\/blog\/wp-content\/uploads\/2026\/02\/midsection-man-holding-hands-field-scaled.jpg","contentUrl":"https:\/\/velarspfuneraria.com.br\/blog\/wp-content\/uploads\/2026\/02\/midsection-man-holding-hands-field-scaled.jpg","width":2560,"height":1707,"caption":"Homenageie quem partiu: plantar uma \u00e1rvore com cinzas cria mem\u00f3ria viva e simb\u00f3lica para toda a fam\u00edlia. Fale conosco."},{"@type":"BreadcrumbList","@id":"https:\/\/velarspfuneraria.com.br\/blog\/plantar-arvore-com-cinzas\/#breadcrumb","itemListElement":[{"@type":"ListItem","position":1,"name":"In\u00edcio","item":"https:\/\/velarspfuneraria.com.br\/blog\/"},{"@type":"ListItem","position":2,"name":"Plantar uma \u00e1rvore com cinzas: homenagem afetiva e sustent\u00e1vel"}]},{"@type":"WebSite","@id":"https:\/\/velarspfuneraria.com.br\/blog\/#website","url":"https:\/\/velarspfuneraria.com.br\/blog\/","name":"Velar SP Funer\u00e1ria","description":"","potentialAction":[{"@type":"SearchAction","target":{"@type":"EntryPoint","urlTemplate":"https:\/\/velarspfuneraria.com.br\/blog\/?s={search_term_string}"},"query-input":{"@type":"PropertyValueSpecification","valueRequired":true,"valueName":"search_term_string"}}],"inLanguage":"pt-BR"},{"@type":"Person","@id":"https:\/\/velarspfuneraria.com.br\/blog\/#\/schema\/person\/8d2def147a66049df56b513bf35778fe","name":"Rafaela","image":{"@type":"ImageObject","inLanguage":"pt-BR","@id":"https:\/\/velarspfuneraria.com.br\/blog\/#\/schema\/person\/image\/","url":"https:\/\/secure.gravatar.com\/avatar\/6d499a9a62f923ea2760188b4d3f0f14096efaba0b988cadddc1a7eb4725d31f?s=96&d=mm&r=g","contentUrl":"https:\/\/secure.gravatar.com\/avatar\/6d499a9a62f923ea2760188b4d3f0f14096efaba0b988cadddc1a7eb4725d31f?s=96&d=mm&r=g","caption":"Rafaela"},"url":"https:\/\/velarspfuneraria.com.br\/blog\/author\/rafaela\/"}]}},"_links":{"self":[{"href":"https:\/\/velarspfuneraria.com.br\/blog\/wp-json\/wp\/v2\/posts\/330","targetHints":{"allow":["GET"]}}],"collection":[{"href":"https:\/\/velarspfuneraria.com.br\/blog\/wp-json\/wp\/v2\/posts"}],"about":[{"href":"https:\/\/velarspfuneraria.com.br\/blog\/wp-json\/wp\/v2\/types\/post"}],"author":[{"embeddable":true,"href":"https:\/\/velarspfuneraria.com.br\/blog\/wp-json\/wp\/v2\/users\/2"}],"replies":[{"embeddable":true,"href":"https:\/\/velarspfuneraria.com.br\/blog\/wp-json\/wp\/v2\/comments?post=330"}],"version-history":[{"count":2,"href":"https:\/\/velarspfuneraria.com.br\/blog\/wp-json\/wp\/v2\/posts\/330\/revisions"}],"predecessor-version":[{"id":340,"href":"https:\/\/velarspfuneraria.com.br\/blog\/wp-json\/wp\/v2\/posts\/330\/revisions\/340"}],"wp:featuredmedia":[{"embeddable":true,"href":"https:\/\/velarspfuneraria.com.br\/blog\/wp-json\/wp\/v2\/media\/332"}],"wp:attachment":[{"href":"https:\/\/velarspfuneraria.com.br\/blog\/wp-json\/wp\/v2\/media?parent=330"}],"wp:term":[{"taxonomy":"category","embeddable":true,"href":"https:\/\/velarspfuneraria.com.br\/blog\/wp-json\/wp\/v2\/categories?post=330"},{"taxonomy":"post_tag","embeddable":true,"href":"https:\/\/velarspfuneraria.com.br\/blog\/wp-json\/wp\/v2\/tags?post=330"}],"curies":[{"name":"wp","href":"https:\/\/api.w.org\/{rel}","templated":true}]}}