{"id":333,"date":"2026-02-09T09:08:40","date_gmt":"2026-02-09T12:08:40","guid":{"rendered":"https:\/\/velarspfuneraria.com.br\/blog\/?p=333"},"modified":"2026-02-09T09:13:41","modified_gmt":"2026-02-09T12:13:41","slug":"cemiterio-vila-formosa-localizacao-horario-preco","status":"publish","type":"post","link":"https:\/\/velarspfuneraria.com.br\/blog\/cemiterio-vila-formosa-localizacao-horario-preco\/","title":{"rendered":"Cemit\u00e9rio Vila Formosa: localiza\u00e7\u00e3o, hor\u00e1rio e pre\u00e7o m\u00e9dio"},"content":{"rendered":"\n<p>Quando ocorre uma perda, muitas decis\u00f5es precisam ser tomadas em pouco tempo. A falta de informa\u00e7\u00e3o clara pode aumentar a inseguran\u00e7a e tornar esse momento ainda mais dif\u00edcil. Por isso, entender como funciona o <strong>Cemit\u00e9rio Vila Formosa<\/strong>, onde ele est\u00e1 localizado, quais s\u00e3o os hor\u00e1rios e qual o custo m\u00e9dio do servi\u00e7o ajuda a trazer mais tranquilidade.<\/p>\n\n\n\n<p>Al\u00e9m disso, conhecer esses detalhes permite que a fam\u00edlia se organize com mais calma. Dessa forma, o foco permanece na despedida e no cuidado com quem partiu, sem a press\u00e3o de decis\u00f5es feitas \u00e0s pressas.<\/p>\n\n\n\n<p>Este conte\u00fado foi preparado para orientar com sensibilidade, oferecendo informa\u00e7\u00f5es \u00fateis e apoio real para quem enfrenta esse processo.<\/p>\n\n\n\n<h2 class=\"wp-block-heading\">Um espa\u00e7o do Cemit\u00e9rio Vila Formosa para despedidas respeitosas<\/h2>\n\n\n\n<p>O <strong>Cemit\u00e9rio Vila Formosa<\/strong> \u00e9 um dos mais conhecidos da regi\u00e3o, principalmente por sua estrutura ampla e capacidade de atendimento. Seu funcionamento segue regras bem definidas, o que contribui para um processo mais organizado.<\/p>\n\n\n\n<p>O sepultamento acontece ap\u00f3s a libera\u00e7\u00e3o da documenta\u00e7\u00e3o necess\u00e1ria. Em seguida, s\u00e3o definidos o local e o hor\u00e1rio da cerim\u00f4nia. Assim, todas as etapas s\u00e3o conduzidas de forma alinhada, evitando imprevistos que poderiam gerar ainda mais desgaste emocional.<\/p>\n\n\n\n<p><a href=\"https:\/\/velarspfuneraria.com.br\/blog\/documentos-para-sepultamento\/\" type=\"link\" id=\"https:\/\/velarspfuneraria.com.br\/blog\/documentos-para-sepultamento\/\">Al\u00e9m disso, h\u00e1 orienta\u00e7\u00e3o durante todo o processo. Como resultado, a fam\u00edlia n\u00e3o precisa lidar sozinha com decis\u00f5es t\u00e9cnicas em um momento t\u00e3o sens\u00edvel.<\/a><\/p>\n\n\n\n<h2 class=\"wp-block-heading\">Localiza\u00e7\u00e3o do Cemit\u00e9rio Vila Formosa e sua import\u00e2ncia<\/h2>\n\n\n\n<p>A localiza\u00e7\u00e3o do Cemit\u00e9rio Vila Formosa \u00e9 um dos fatores que influenciam sua escolha. Ele est\u00e1 situado <strong>na Zona Leste<\/strong>, em uma regi\u00e3o de f\u00e1cil acesso, o que atende fam\u00edlias de diferentes bairros.<\/p>\n\n\n\n<p>Por esse motivo, muitas pessoas optam por esse espa\u00e7o quando buscam praticidade. O acesso por vias importantes facilita a chegada de convidados e do cortejo, mesmo para quem vem de outras regi\u00f5es da cidade.<\/p>\n\n\n\n<p>Al\u00e9m disso, o entorno conta com servi\u00e7os de apoio. Dessa forma, familiares conseguem resolver necessidades b\u00e1sicas sem longos deslocamentos durante o dia da cerim\u00f4nia.<\/p>\n\n\n\n<h2 class=\"wp-block-heading\">Como chegar ao Cemit\u00e9rio Vila Formosa<\/h2>\n\n\n\n<p>Saber como chegar ao local ajuda a evitar atrasos e preocupa\u00e7\u00f5es adicionais. O acesso pode ser feito tanto por ve\u00edculo pr\u00f3prio quanto por transporte p\u00fablico.<\/p>\n\n\n\n<p>Quem vai de carro encontra vias bem sinalizadas nas proximidades. Assim, o deslocamento ocorre de maneira mais organizada, inclusive em hor\u00e1rios de maior movimento.<\/p>\n\n\n\n<p>J\u00e1 quem utiliza \u00f4nibus encontra linhas que passam pr\u00f3ximas ao cemit\u00e9rio. Como resultado, amigos e familiares conseguem participar da despedida com mais facilidade, mesmo sem carro.<\/p>\n\n\n\n<h2 class=\"wp-block-heading\">Funcionamento e hor\u00e1rios do Cemit\u00e9rio Vila Formosa<\/h2>\n\n\n\n<p>O <a href=\"https:\/\/cemiteriovilaformosa.com\/\" type=\"link\" id=\"https:\/\/cemiteriovilaformosa.com\/\">funcionamento<\/a> do espa\u00e7o ocorre diariamente, inclusive aos fins de semana e feriados. Os sepultamentos acontecem em hor\u00e1rios previamente definidos e agendados.<\/p>\n\n\n\n<p>Essa organiza\u00e7\u00e3o evita sobreposi\u00e7\u00e3o de cerim\u00f4nias e contribui para um ambiente mais respeitoso. Al\u00e9m disso, as visitas tamb\u00e9m seguem hor\u00e1rios espec\u00edficos.<\/p>\n\n\n\n<p>Portanto, confirmar essas informa\u00e7\u00f5es com anteced\u00eancia ajuda a evitar contratempos e torna o dia mais tranquilo para todos os envolvidos.<\/p>\n\n\n\n<h2 class=\"wp-block-heading\">Pre\u00e7o m\u00e9dio de sepultamento no Cemit\u00e9rio Vila Formosa<\/h2>\n\n\n\n<p>O custo m\u00e9dio dos servi\u00e7os praticados no Cemit\u00e9rio Vila Formosa costuma variar entre <strong>R$ 2.500 e R$ 6.000<\/strong>. Essa varia\u00e7\u00e3o ocorre porque cada sepultamento envolve necessidades diferentes.<\/p>\n\n\n\n<p>Entre os fatores considerados est\u00e3o o tipo de sepultura, o tempo de concess\u00e3o e taxas administrativas. Al\u00e9m disso, alguns servi\u00e7os complementares podem influenciar o valor final.<\/p>\n\n\n\n<p>No entanto, conhecer essa faixa de pre\u00e7o permite um planejamento mais consciente. Dessa forma, a fam\u00edlia consegue avaliar as op\u00e7\u00f5es com mais clareza, mesmo em um momento sens\u00edvel.<\/p>\n\n\n\n<h2 class=\"wp-block-heading\">Fatores que costumam impactar o valor final<\/h2>\n\n\n\n<p>Escolher um servi\u00e7o funer\u00e1rio envolve emo\u00e7\u00e3o e responsabilidade. Antes de tudo, \u00e9 importante verificar se a fam\u00edlia j\u00e1 possui jazigo ou se ser\u00e1 necess\u00e1ria a aquisi\u00e7\u00e3o.<\/p>\n\n\n\n<p>Al\u00e9m disso, considerar o or\u00e7amento dispon\u00edvel ajuda a definir as op\u00e7\u00f5es mais adequadas. Algumas fam\u00edlias priorizam proximidade, enquanto outras buscam alternativas mais acess\u00edveis.<\/p>\n\n\n\n<p>Nesse contexto, contar com apoio especializado reduz d\u00favidas e traz mais seguran\u00e7a para a tomada de decis\u00e3o.<\/p>\n\n\n\n<h2 class=\"wp-block-heading\">Como tomar decis\u00f5es com mais seguran\u00e7a emocional<\/h2>\n\n\n\n<p><a href=\"https:\/\/velarfunerariasp.com.br\/cremacao-como-funciona\/\" type=\"link\" id=\"https:\/\/velarfunerariasp.com.br\/cremacao-como-funciona\/\">Escolher um servi\u00e7o funer\u00e1rio envolve emo\u00e7\u00e3o e responsabilidade<\/a>. Antes de tudo, \u00e9 importante verificar se a fam\u00edlia j\u00e1 possui jazigo ou se ser\u00e1 necess\u00e1ria a aquisi\u00e7\u00e3o.<\/p>\n\n\n\n<p>Al\u00e9m disso, considerar o or\u00e7amento dispon\u00edvel ajuda a definir as op\u00e7\u00f5es mais adequadas. Algumas fam\u00edlias priorizam proximidade, enquanto outras buscam alternativas mais acess\u00edveis.<\/p>\n\n\n\n<p>Nesse contexto, contar com apoio especializado reduz d\u00favidas e traz mais seguran\u00e7a para a tomada de decis\u00e3o.<\/p>\n\n\n\n<h2 class=\"wp-block-heading\">D\u00favidas comuns nesse processo<\/h2>\n\n\n\n<p><strong>O atendimento acontece todos os dias?<\/strong><\/p>\n\n\n\n<p>Sim. O funcionamento ocorre diariamente, inclusive em feriados.<\/p>\n\n\n\n<p><strong>H\u00e1 acesso f\u00e1cil para quem n\u00e3o vai de carro?<\/strong><br>Sim. O local conta com linhas de \u00f4nibus que passam nas proximidades, o que facilita a chegada de familiares e amigos.<\/p>\n\n\n\n<p><strong>Os valores s\u00e3o fixos ou variam?<\/strong><br>Os custos variam conforme o tipo de servi\u00e7o escolhido, as taxas envolvidas e as necessidades de cada fam\u00edlia.<\/p>\n\n\n\n<p><strong>\u00c9 necess\u00e1rio agendar a cerim\u00f4nia?<\/strong><br>Sim. O agendamento \u00e9 necess\u00e1rio para garantir organiza\u00e7\u00e3o, respeito aos hor\u00e1rios e um atendimento adequado no dia da despedida.<\/p>\n\n\n\n<p>Buscar informa\u00e7\u00f5es claras sobre o <strong>Cemit\u00e9rio Vila Formosa<\/strong>, incluindo localiza\u00e7\u00e3o, acesso, hor\u00e1rios e valores m\u00e9dios, \u00e9 uma forma de cuidado com quem fica. Quando a fam\u00edlia entende o processo, as decis\u00f5es se tornam menos pesadas.<\/p>\n\n\n\n<p>Portanto, contar com orienta\u00e7\u00e3o adequada faz diferen\u00e7a nesse momento. Se voc\u00ea precisa esclarecer d\u00favidas ou conversar sobre op\u00e7\u00f5es dispon\u00edveis, um atendimento humano e respeitoso pode ajudar a atravessar esse processo com mais serenidade.<\/p>\n\n\n\n<p>Se voc\u00ea precisa de orienta\u00e7\u00e3o, or\u00e7amento ou atendimento humanizado, entre em contato conosco pela nossa Central de Atendimento ou fale pelo WhatsApp. Estamos prontos para ajudar com cuidado e transpar\u00eancia.<\/p>\n\n\n\n\n\t\t<style>\n\t\t\t@media(max-width:767px){\n\t\t\t\t.container-btns-post > * {\n\t\t\t\t\tmargin: 0 auto\n\t\t\t\t}\n\t\t\t}\n\t\t<\/style>\n\t\t<div class='container-btns-post' style='display: flex; gap: 15px; align-items: center; flex-wrap: wrap'>\n\t\t\t<a class='phone-number' href='tel:01131630912'>11 3163-0912<\/a><a class='whatsapp-number' target='_blank' href='https:\/\/wa.me\/551131630123?text=Estou%20no%20site%20Velar%20SP%20Funer%C3%A1ria%20e%20gostaria%20de%20mais%20informa%C3%A7%C3%B5es.%5Cn%5Cn%2A%5BAtendimento%20%230912-POST%5D%2A'>11 3163-0123<\/a>\n\t\t<\/div>\n\n\n\n<p><\/p>\n","protected":false},"excerpt":{"rendered":"<p>Quando ocorre uma perda, muitas decis\u00f5es precisam ser tomadas em pouco tempo. A falta de informa\u00e7\u00e3o clara pode aumentar a inseguran\u00e7a e tornar esse momento ainda mais dif\u00edcil. Por isso, entender como funciona o Cemit\u00e9rio Vila Formosa, onde ele est\u00e1 localizado, quais s\u00e3o os hor\u00e1rios e qual o custo m\u00e9dio do servi\u00e7o ajuda a trazer [&hellip;]<\/p>\n","protected":false},"author":2,"featured_media":334,"comment_status":"open","ping_status":"open","sticky":false,"template":"","format":"standard","meta":{"footnotes":""},"categories":[1],"tags":[],"class_list":["post-333","post","type-post","status-publish","format-standard","has-post-thumbnail","hentry","category-sem-categoria"],"yoast_head":"<!-- This site is optimized with the Yoast SEO plugin v26.8 - https:\/\/yoast.com\/product\/yoast-seo-wordpress\/ -->\n<title>Cemit\u00e9rio Vila Formosa: localiza\u00e7\u00e3o, hor\u00e1rio e pre\u00e7o m\u00e9dio<\/title>\n<meta name=\"description\" content=\"Entenda onde fica o Cemit\u00e9rio Vila Formosa, como chegar, hor\u00e1rio de funcionamento e o pre\u00e7o m\u00e9dio dos servi\u00e7os funer\u00e1rios.\" \/>\n<meta name=\"robots\" content=\"noindex, follow, max-snippet:-1, max-image-preview:large, max-video-preview:-1\" \/>\n<meta property=\"og:locale\" content=\"pt_BR\" \/>\n<meta property=\"og:type\" content=\"article\" \/>\n<meta property=\"og:title\" content=\"Cemit\u00e9rio Vila Formosa: localiza\u00e7\u00e3o, hor\u00e1rio e pre\u00e7o m\u00e9dio\" \/>\n<meta property=\"og:description\" content=\"Entenda onde fica o Cemit\u00e9rio Vila Formosa, como chegar, hor\u00e1rio de funcionamento e o pre\u00e7o m\u00e9dio dos servi\u00e7os funer\u00e1rios.\" \/>\n<meta property=\"og:url\" content=\"https:\/\/velarspfuneraria.com.br\/blog\/cemiterio-vila-formosa-localizacao-horario-preco\/\" \/>\n<meta property=\"og:site_name\" content=\"Velar SP Funer\u00e1ria\" \/>\n<meta property=\"article:published_time\" content=\"2026-02-09T12:08:40+00:00\" \/>\n<meta property=\"article:modified_time\" content=\"2026-02-09T12:13:41+00:00\" \/>\n<meta property=\"og:image\" content=\"https:\/\/velarspfuneraria.com.br\/blog\/wp-content\/uploads\/2026\/02\/misty-morning-sunbeams-graves-scaled.jpg\" \/>\n\t<meta property=\"og:image:width\" content=\"2560\" \/>\n\t<meta property=\"og:image:height\" content=\"1807\" \/>\n\t<meta property=\"og:image:type\" content=\"image\/jpeg\" \/>\n<meta name=\"author\" content=\"Rafaela\" \/>\n<meta name=\"twitter:card\" content=\"summary_large_image\" \/>\n<meta name=\"twitter:label1\" content=\"Escrito por\" \/>\n\t<meta name=\"twitter:data1\" content=\"Rafaela\" \/>\n\t<meta name=\"twitter:label2\" content=\"Est. tempo de leitura\" \/>\n\t<meta name=\"twitter:data2\" content=\"6 minutos\" \/>\n<script type=\"application\/ld+json\" class=\"yoast-schema-graph\">{\"@context\":\"https:\/\/schema.org\",\"@graph\":[{\"@type\":\"Article\",\"@id\":\"https:\/\/velarspfuneraria.com.br\/blog\/cemiterio-vila-formosa-localizacao-horario-preco\/#article\",\"isPartOf\":{\"@id\":\"https:\/\/velarspfuneraria.com.br\/blog\/cemiterio-vila-formosa-localizacao-horario-preco\/\"},\"author\":{\"name\":\"Rafaela\",\"@id\":\"https:\/\/velarspfuneraria.com.br\/blog\/#\/schema\/person\/8d2def147a66049df56b513bf35778fe\"},\"headline\":\"Cemit\u00e9rio Vila Formosa: localiza\u00e7\u00e3o, hor\u00e1rio e pre\u00e7o m\u00e9dio\",\"datePublished\":\"2026-02-09T12:08:40+00:00\",\"dateModified\":\"2026-02-09T12:13:41+00:00\",\"mainEntityOfPage\":{\"@id\":\"https:\/\/velarspfuneraria.com.br\/blog\/cemiterio-vila-formosa-localizacao-horario-preco\/\"},\"wordCount\":1043,\"commentCount\":0,\"image\":{\"@id\":\"https:\/\/velarspfuneraria.com.br\/blog\/cemiterio-vila-formosa-localizacao-horario-preco\/#primaryimage\"},\"thumbnailUrl\":\"https:\/\/velarspfuneraria.com.br\/blog\/wp-content\/uploads\/2026\/02\/misty-morning-sunbeams-graves-scaled.jpg\",\"inLanguage\":\"pt-BR\",\"potentialAction\":[{\"@type\":\"CommentAction\",\"name\":\"Comment\",\"target\":[\"https:\/\/velarspfuneraria.com.br\/blog\/cemiterio-vila-formosa-localizacao-horario-preco\/#respond\"]}]},{\"@type\":\"WebPage\",\"@id\":\"https:\/\/velarspfuneraria.com.br\/blog\/cemiterio-vila-formosa-localizacao-horario-preco\/\",\"url\":\"https:\/\/velarspfuneraria.com.br\/blog\/cemiterio-vila-formosa-localizacao-horario-preco\/\",\"name\":\"Cemit\u00e9rio Vila Formosa: localiza\u00e7\u00e3o, hor\u00e1rio e pre\u00e7o m\u00e9dio\",\"isPartOf\":{\"@id\":\"https:\/\/velarspfuneraria.com.br\/blog\/#website\"},\"primaryImageOfPage\":{\"@id\":\"https:\/\/velarspfuneraria.com.br\/blog\/cemiterio-vila-formosa-localizacao-horario-preco\/#primaryimage\"},\"image\":{\"@id\":\"https:\/\/velarspfuneraria.com.br\/blog\/cemiterio-vila-formosa-localizacao-horario-preco\/#primaryimage\"},\"thumbnailUrl\":\"https:\/\/velarspfuneraria.com.br\/blog\/wp-content\/uploads\/2026\/02\/misty-morning-sunbeams-graves-scaled.jpg\",\"datePublished\":\"2026-02-09T12:08:40+00:00\",\"dateModified\":\"2026-02-09T12:13:41+00:00\",\"author\":{\"@id\":\"https:\/\/velarspfuneraria.com.br\/blog\/#\/schema\/person\/8d2def147a66049df56b513bf35778fe\"},\"description\":\"Entenda onde fica o Cemit\u00e9rio Vila Formosa, como chegar, hor\u00e1rio de funcionamento e o pre\u00e7o m\u00e9dio dos servi\u00e7os funer\u00e1rios.\",\"breadcrumb\":{\"@id\":\"https:\/\/velarspfuneraria.com.br\/blog\/cemiterio-vila-formosa-localizacao-horario-preco\/#breadcrumb\"},\"inLanguage\":\"pt-BR\",\"potentialAction\":[{\"@type\":\"ReadAction\",\"target\":[\"https:\/\/velarspfuneraria.com.br\/blog\/cemiterio-vila-formosa-localizacao-horario-preco\/\"]}]},{\"@type\":\"ImageObject\",\"inLanguage\":\"pt-BR\",\"@id\":\"https:\/\/velarspfuneraria.com.br\/blog\/cemiterio-vila-formosa-localizacao-horario-preco\/#primaryimage\",\"url\":\"https:\/\/velarspfuneraria.com.br\/blog\/wp-content\/uploads\/2026\/02\/misty-morning-sunbeams-graves-scaled.jpg\",\"contentUrl\":\"https:\/\/velarspfuneraria.com.br\/blog\/wp-content\/uploads\/2026\/02\/misty-morning-sunbeams-graves-scaled.jpg\",\"width\":2560,\"height\":1807,\"caption\":\"Cemit\u00e9rio Vila Formosa: localiza\u00e7\u00e3o, hor\u00e1rio e pre\u00e7o m\u00e9dio\"},{\"@type\":\"BreadcrumbList\",\"@id\":\"https:\/\/velarspfuneraria.com.br\/blog\/cemiterio-vila-formosa-localizacao-horario-preco\/#breadcrumb\",\"itemListElement\":[{\"@type\":\"ListItem\",\"position\":1,\"name\":\"In\u00edcio\",\"item\":\"https:\/\/velarspfuneraria.com.br\/blog\/\"},{\"@type\":\"ListItem\",\"position\":2,\"name\":\"Cemit\u00e9rio Vila Formosa: localiza\u00e7\u00e3o, hor\u00e1rio e pre\u00e7o m\u00e9dio\"}]},{\"@type\":\"WebSite\",\"@id\":\"https:\/\/velarspfuneraria.com.br\/blog\/#website\",\"url\":\"https:\/\/velarspfuneraria.com.br\/blog\/\",\"name\":\"Velar SP Funer\u00e1ria\",\"description\":\"\",\"potentialAction\":[{\"@type\":\"SearchAction\",\"target\":{\"@type\":\"EntryPoint\",\"urlTemplate\":\"https:\/\/velarspfuneraria.com.br\/blog\/?s={search_term_string}\"},\"query-input\":{\"@type\":\"PropertyValueSpecification\",\"valueRequired\":true,\"valueName\":\"search_term_string\"}}],\"inLanguage\":\"pt-BR\"},{\"@type\":\"Person\",\"@id\":\"https:\/\/velarspfuneraria.com.br\/blog\/#\/schema\/person\/8d2def147a66049df56b513bf35778fe\",\"name\":\"Rafaela\",\"image\":{\"@type\":\"ImageObject\",\"inLanguage\":\"pt-BR\",\"@id\":\"https:\/\/velarspfuneraria.com.br\/blog\/#\/schema\/person\/image\/\",\"url\":\"https:\/\/secure.gravatar.com\/avatar\/6d499a9a62f923ea2760188b4d3f0f14096efaba0b988cadddc1a7eb4725d31f?s=96&d=mm&r=g\",\"contentUrl\":\"https:\/\/secure.gravatar.com\/avatar\/6d499a9a62f923ea2760188b4d3f0f14096efaba0b988cadddc1a7eb4725d31f?s=96&d=mm&r=g\",\"caption\":\"Rafaela\"},\"url\":\"https:\/\/velarspfuneraria.com.br\/blog\/author\/rafaela\/\"}]}<\/script>\n<!-- \/ Yoast SEO plugin. -->","yoast_head_json":{"title":"Cemit\u00e9rio Vila Formosa: localiza\u00e7\u00e3o, hor\u00e1rio e pre\u00e7o m\u00e9dio","description":"Entenda onde fica o Cemit\u00e9rio Vila Formosa, como chegar, hor\u00e1rio de funcionamento e o pre\u00e7o m\u00e9dio dos servi\u00e7os funer\u00e1rios.","robots":{"index":"noindex","follow":"follow","max-snippet":"max-snippet:-1","max-image-preview":"max-image-preview:large","max-video-preview":"max-video-preview:-1"},"og_locale":"pt_BR","og_type":"article","og_title":"Cemit\u00e9rio Vila Formosa: localiza\u00e7\u00e3o, hor\u00e1rio e pre\u00e7o m\u00e9dio","og_description":"Entenda onde fica o Cemit\u00e9rio Vila Formosa, como chegar, hor\u00e1rio de funcionamento e o pre\u00e7o m\u00e9dio dos servi\u00e7os funer\u00e1rios.","og_url":"https:\/\/velarspfuneraria.com.br\/blog\/cemiterio-vila-formosa-localizacao-horario-preco\/","og_site_name":"Velar SP Funer\u00e1ria","article_published_time":"2026-02-09T12:08:40+00:00","article_modified_time":"2026-02-09T12:13:41+00:00","og_image":[{"width":2560,"height":1807,"url":"https:\/\/velarspfuneraria.com.br\/blog\/wp-content\/uploads\/2026\/02\/misty-morning-sunbeams-graves-scaled.jpg","type":"image\/jpeg"}],"author":"Rafaela","twitter_card":"summary_large_image","twitter_misc":{"Escrito por":"Rafaela","Est. tempo de leitura":"6 minutos"},"schema":{"@context":"https:\/\/schema.org","@graph":[{"@type":"Article","@id":"https:\/\/velarspfuneraria.com.br\/blog\/cemiterio-vila-formosa-localizacao-horario-preco\/#article","isPartOf":{"@id":"https:\/\/velarspfuneraria.com.br\/blog\/cemiterio-vila-formosa-localizacao-horario-preco\/"},"author":{"name":"Rafaela","@id":"https:\/\/velarspfuneraria.com.br\/blog\/#\/schema\/person\/8d2def147a66049df56b513bf35778fe"},"headline":"Cemit\u00e9rio Vila Formosa: localiza\u00e7\u00e3o, hor\u00e1rio e pre\u00e7o m\u00e9dio","datePublished":"2026-02-09T12:08:40+00:00","dateModified":"2026-02-09T12:13:41+00:00","mainEntityOfPage":{"@id":"https:\/\/velarspfuneraria.com.br\/blog\/cemiterio-vila-formosa-localizacao-horario-preco\/"},"wordCount":1043,"commentCount":0,"image":{"@id":"https:\/\/velarspfuneraria.com.br\/blog\/cemiterio-vila-formosa-localizacao-horario-preco\/#primaryimage"},"thumbnailUrl":"https:\/\/velarspfuneraria.com.br\/blog\/wp-content\/uploads\/2026\/02\/misty-morning-sunbeams-graves-scaled.jpg","inLanguage":"pt-BR","potentialAction":[{"@type":"CommentAction","name":"Comment","target":["https:\/\/velarspfuneraria.com.br\/blog\/cemiterio-vila-formosa-localizacao-horario-preco\/#respond"]}]},{"@type":"WebPage","@id":"https:\/\/velarspfuneraria.com.br\/blog\/cemiterio-vila-formosa-localizacao-horario-preco\/","url":"https:\/\/velarspfuneraria.com.br\/blog\/cemiterio-vila-formosa-localizacao-horario-preco\/","name":"Cemit\u00e9rio Vila Formosa: localiza\u00e7\u00e3o, hor\u00e1rio e pre\u00e7o m\u00e9dio","isPartOf":{"@id":"https:\/\/velarspfuneraria.com.br\/blog\/#website"},"primaryImageOfPage":{"@id":"https:\/\/velarspfuneraria.com.br\/blog\/cemiterio-vila-formosa-localizacao-horario-preco\/#primaryimage"},"image":{"@id":"https:\/\/velarspfuneraria.com.br\/blog\/cemiterio-vila-formosa-localizacao-horario-preco\/#primaryimage"},"thumbnailUrl":"https:\/\/velarspfuneraria.com.br\/blog\/wp-content\/uploads\/2026\/02\/misty-morning-sunbeams-graves-scaled.jpg","datePublished":"2026-02-09T12:08:40+00:00","dateModified":"2026-02-09T12:13:41+00:00","author":{"@id":"https:\/\/velarspfuneraria.com.br\/blog\/#\/schema\/person\/8d2def147a66049df56b513bf35778fe"},"description":"Entenda onde fica o Cemit\u00e9rio Vila Formosa, como chegar, hor\u00e1rio de funcionamento e o pre\u00e7o m\u00e9dio dos servi\u00e7os funer\u00e1rios.","breadcrumb":{"@id":"https:\/\/velarspfuneraria.com.br\/blog\/cemiterio-vila-formosa-localizacao-horario-preco\/#breadcrumb"},"inLanguage":"pt-BR","potentialAction":[{"@type":"ReadAction","target":["https:\/\/velarspfuneraria.com.br\/blog\/cemiterio-vila-formosa-localizacao-horario-preco\/"]}]},{"@type":"ImageObject","inLanguage":"pt-BR","@id":"https:\/\/velarspfuneraria.com.br\/blog\/cemiterio-vila-formosa-localizacao-horario-preco\/#primaryimage","url":"https:\/\/velarspfuneraria.com.br\/blog\/wp-content\/uploads\/2026\/02\/misty-morning-sunbeams-graves-scaled.jpg","contentUrl":"https:\/\/velarspfuneraria.com.br\/blog\/wp-content\/uploads\/2026\/02\/misty-morning-sunbeams-graves-scaled.jpg","width":2560,"height":1807,"caption":"Cemit\u00e9rio Vila Formosa: localiza\u00e7\u00e3o, hor\u00e1rio e pre\u00e7o m\u00e9dio"},{"@type":"BreadcrumbList","@id":"https:\/\/velarspfuneraria.com.br\/blog\/cemiterio-vila-formosa-localizacao-horario-preco\/#breadcrumb","itemListElement":[{"@type":"ListItem","position":1,"name":"In\u00edcio","item":"https:\/\/velarspfuneraria.com.br\/blog\/"},{"@type":"ListItem","position":2,"name":"Cemit\u00e9rio Vila Formosa: localiza\u00e7\u00e3o, hor\u00e1rio e pre\u00e7o m\u00e9dio"}]},{"@type":"WebSite","@id":"https:\/\/velarspfuneraria.com.br\/blog\/#website","url":"https:\/\/velarspfuneraria.com.br\/blog\/","name":"Velar SP Funer\u00e1ria","description":"","potentialAction":[{"@type":"SearchAction","target":{"@type":"EntryPoint","urlTemplate":"https:\/\/velarspfuneraria.com.br\/blog\/?s={search_term_string}"},"query-input":{"@type":"PropertyValueSpecification","valueRequired":true,"valueName":"search_term_string"}}],"inLanguage":"pt-BR"},{"@type":"Person","@id":"https:\/\/velarspfuneraria.com.br\/blog\/#\/schema\/person\/8d2def147a66049df56b513bf35778fe","name":"Rafaela","image":{"@type":"ImageObject","inLanguage":"pt-BR","@id":"https:\/\/velarspfuneraria.com.br\/blog\/#\/schema\/person\/image\/","url":"https:\/\/secure.gravatar.com\/avatar\/6d499a9a62f923ea2760188b4d3f0f14096efaba0b988cadddc1a7eb4725d31f?s=96&d=mm&r=g","contentUrl":"https:\/\/secure.gravatar.com\/avatar\/6d499a9a62f923ea2760188b4d3f0f14096efaba0b988cadddc1a7eb4725d31f?s=96&d=mm&r=g","caption":"Rafaela"},"url":"https:\/\/velarspfuneraria.com.br\/blog\/author\/rafaela\/"}]}},"_links":{"self":[{"href":"https:\/\/velarspfuneraria.com.br\/blog\/wp-json\/wp\/v2\/posts\/333","targetHints":{"allow":["GET"]}}],"collection":[{"href":"https:\/\/velarspfuneraria.com.br\/blog\/wp-json\/wp\/v2\/posts"}],"about":[{"href":"https:\/\/velarspfuneraria.com.br\/blog\/wp-json\/wp\/v2\/types\/post"}],"author":[{"embeddable":true,"href":"https:\/\/velarspfuneraria.com.br\/blog\/wp-json\/wp\/v2\/users\/2"}],"replies":[{"embeddable":true,"href":"https:\/\/velarspfuneraria.com.br\/blog\/wp-json\/wp\/v2\/comments?post=333"}],"version-history":[{"count":2,"href":"https:\/\/velarspfuneraria.com.br\/blog\/wp-json\/wp\/v2\/posts\/333\/revisions"}],"predecessor-version":[{"id":336,"href":"https:\/\/velarspfuneraria.com.br\/blog\/wp-json\/wp\/v2\/posts\/333\/revisions\/336"}],"wp:featuredmedia":[{"embeddable":true,"href":"https:\/\/velarspfuneraria.com.br\/blog\/wp-json\/wp\/v2\/media\/334"}],"wp:attachment":[{"href":"https:\/\/velarspfuneraria.com.br\/blog\/wp-json\/wp\/v2\/media?parent=333"}],"wp:term":[{"taxonomy":"category","embeddable":true,"href":"https:\/\/velarspfuneraria.com.br\/blog\/wp-json\/wp\/v2\/categories?post=333"},{"taxonomy":"post_tag","embeddable":true,"href":"https:\/\/velarspfuneraria.com.br\/blog\/wp-json\/wp\/v2\/tags?post=333"}],"curies":[{"name":"wp","href":"https:\/\/api.w.org\/{rel}","templated":true}]}}